{"id":4028,"date":"2025-02-20T09:23:11","date_gmt":"2025-02-20T12:23:11","guid":{"rendered":"https:\/\/gpmat-ufmt.com.br\/?p=4028"},"modified":"2025-02-20T09:23:18","modified_gmt":"2025-02-20T12:23:18","slug":"dia-internacional-do-trabalho-decente-07-de-outubro","status":"publish","type":"post","link":"https:\/\/gpmat-ufmt.com.br\/index.php\/2025\/02\/20\/dia-internacional-do-trabalho-decente-07-de-outubro\/","title":{"rendered":"Dia Internacional do Trabalho Decente \u2013 07 de Outubro"},"content":{"rendered":"\n<div class=\"wp-block-group\"><div class=\"wp-block-group__inner-container is-layout-constrained wp-block-group-is-layout-constrained\">\n<p>Carla Reita Faria Leal<\/p>\n\n\n<div class=\"wp-block-image\">\n<figure class=\"alignright size-large is-resized\"><img fetchpriority=\"high\" decoding=\"async\" width=\"684\" height=\"1024\" src=\"http:\/\/gpmat-ufmt.com.br\/wp-content\/uploads\/2025\/02\/WhatsApp-Image-2025-02-13-at-08.22.00-1-684x1024.jpeg\" alt=\"\" class=\"wp-image-3949\" style=\"width:356px;height:auto\" srcset=\"https:\/\/gpmat-ufmt.com.br\/wp-content\/uploads\/2025\/02\/WhatsApp-Image-2025-02-13-at-08.22.00-1-684x1024.jpeg 684w, https:\/\/gpmat-ufmt.com.br\/wp-content\/uploads\/2025\/02\/WhatsApp-Image-2025-02-13-at-08.22.00-1-200x300.jpeg 200w, https:\/\/gpmat-ufmt.com.br\/wp-content\/uploads\/2025\/02\/WhatsApp-Image-2025-02-13-at-08.22.00-1-768x1151.jpeg 768w, https:\/\/gpmat-ufmt.com.br\/wp-content\/uploads\/2025\/02\/WhatsApp-Image-2025-02-13-at-08.22.00-1-1025x1536.jpeg 1025w, https:\/\/gpmat-ufmt.com.br\/wp-content\/uploads\/2025\/02\/WhatsApp-Image-2025-02-13-at-08.22.00-1-1000x1498.jpeg 1000w, https:\/\/gpmat-ufmt.com.br\/wp-content\/uploads\/2025\/02\/WhatsApp-Image-2025-02-13-at-08.22.00-1-500x749.jpeg 500w, https:\/\/gpmat-ufmt.com.br\/wp-content\/uploads\/2025\/02\/WhatsApp-Image-2025-02-13-at-08.22.00-1.jpeg 1068w\" sizes=\"(max-width: 684px) 100vw, 684px\" \/><\/figure><\/div><\/div><\/div>\n\n\n\n<p class=\"has-text-align-justify\">No dia 07 de outubro celebrou-se o Dia Internacional do Trabalho Decente, que foi institu\u00eddo por decis\u00e3o tomada pelo F\u00f3rum Social reunido em Nair\u00f3bi, no Qu\u00eania, em 2007. \u00c9 um dia de convoca\u00e7\u00e3o \u00e0 reflex\u00e3o sobre a necessidade de garantirmos a todos os homens e as mulheres em idade produtiva um trabalho digno, um trabalho decente. O Organiza\u00e7\u00e3o Internacional do Trabalho (OIT) sintetizou em 1999 o conceito de trabalho decente como sendo aquele em que \u00e9 garantido a todos o direito a um trabalho produtivo e de qualidade, em condi\u00e7\u00f5es de dignidade, de liberdade, de equidade e de seguran\u00e7a. Tem-se, assim, que o trabalho decente \u00e9 condi\u00e7\u00e3o inafast\u00e1vel para a supera\u00e7\u00e3o das desigualdades sociais e da pobreza e para a garantia da governabilidade democr\u00e1tica e do desenvolvimento sustent\u00e1vel. Ademais, ele est\u00e1 listado como um dos Objetivos de Desenvolvimento Sustent\u00e1vel (ODS n\u00b08) da ONU e tamb\u00e9m foi inclu\u00eddo na Agenda 2030 de Desenvolvimento Sustent\u00e1vel em v\u00e1rios de seus desdobramentos. Importante destacar que, para o trabalho ser considerado decente, tem que haver o respeito aos direitos trabalhistas, em especial aqueles considerados pela OIT como fundamentais, ou seja: o direito \u00e0 liberdade sindical e \u00e0 negocia\u00e7\u00e3o coletiva, a  elimina\u00e7\u00e3o de todas as formas de discrimina\u00e7\u00e3o em mat\u00e9ria de  emprego e de ocupa\u00e7\u00e3o, al\u00e9m da erradica\u00e7\u00e3o de todas as formas de trabalho escravo contempor\u00e2neo e do trabalho infantil.  O tema trabalho decente toma uma dimens\u00e3o especial no momento em que vivemos, pois enfrentamos imensos desafios motivados, principalmente, pelos reflexos das mudan\u00e7as clim\u00e1ticas e da pandemia da COVID.  Por outro lado, j\u00e1 \u00e9 vis\u00edvel em todos os lugares do mundo os impactos brutais da pandemia nas economias, na renda e nos empregos das pessoas. Pesquisas realizadas pela OIT evidenciaram que houve uma diminui\u00e7\u00e3o da renda global oriunda do trabalho em mais de 10%, o que equivale a cerca de US$ 3,5 trilh\u00f5es, n\u00fameros dos tr\u00eas primeiros trimestres de 2020 comparados com o mesmo per\u00edodo de 2019. Isso consequ\u00eancia da perda importante de postos de trabalho, em especial nas economias emergentes e em desenvolvimento, como no Brasil, onde h\u00e1 uma parcela muito grande da m\u00e3o de obra na economia informal. Destaca-se ainda que as pequenas e m\u00e9dias empresas s\u00e3o as que mais sofrem na crise, o que tamb\u00e9m \u00e9 muito preocupante, pois elas respondem por dois ter\u00e7os dos empregos em todo o mundo. Assim, no momento em que devem ser buscadas solu\u00e7\u00f5es para os tr\u00e1gicos reflexos das mudan\u00e7as clim\u00e1ticas e da pandemia da COVID -19, em especial no mundo do trabalho, acreditamos que \u00e9 a hora de discutirmos um novo modelo de desenvolvimento, uma reconstru\u00e7\u00e3o do sistema produtivo em que sejam observadas a prote\u00e7\u00e3o do meio ambiente e a cria\u00e7\u00e3o de empregos decentes, os quais garantam a dignidade do trabalhador. Portanto, para essas mudan\u00e7as, como sempre alertamos, \u00e9 necess\u00e1rio que todos estejamos envolvidos: governos, empres\u00e1rios, trabalhadores e a sociedade civil. O momento \u00e9 \u00fanico e deve ser aproveitado para a constru\u00e7\u00e3o de um mundo melhor, mais justo, mais igual e mais fraterno.<\/p>\n\n\n\n<p><\/p>\n\n\n\n<div class=\"wp-block-group\"><div class=\"wp-block-group__inner-container is-layout-constrained wp-block-group-is-layout-constrained\">\n<p class=\"has-text-align-justify\">Carla Reita Faria Leal \u00e9 l\u00edder do Grupo de Pesquisa sobre o Meio Ambiente do Trabalho da UFMT, o GPMAT.<\/p>\n<\/div><\/div>\n","protected":false},"excerpt":{"rendered":"<p>Carla Reita Faria Leal No dia 07 de outubro celebrou-se o Dia Internacional do Trabalho Decente, que foi institu\u00eddo por decis\u00e3o tomada pelo F\u00f3rum Social reunido em Nair\u00f3bi, no Qu\u00eania, em 2007. \u00c9 um dia de convoca\u00e7\u00e3o \u00e0 reflex\u00e3o sobre a necessidade de garantirmos a todos os homens e as mulheres em idade produtiva um&#8230; <span class=\"more\"><a class=\"more-link\" href=\"https:\/\/gpmat-ufmt.com.br\/index.php\/2025\/02\/20\/dia-internacional-do-trabalho-decente-07-de-outubro\/\">Continue reading <span class=\"meta-nav\">&#8594;<\/span><\/a><\/span><\/p>\n","protected":false},"author":3,"featured_media":0,"comment_status":"open","ping_status":"open","sticky":false,"template":"","format":"standard","meta":{"_editorskit_title_hidden":false,"_editorskit_reading_time":0,"_editorskit_is_block_options_detached":false,"_editorskit_block_options_position":"{}","footnotes":""},"categories":[1],"tags":[],"_links":{"self":[{"href":"https:\/\/gpmat-ufmt.com.br\/index.php\/wp-json\/wp\/v2\/posts\/4028"}],"collection":[{"href":"https:\/\/gpmat-ufmt.com.br\/index.php\/wp-json\/wp\/v2\/posts"}],"about":[{"href":"https:\/\/gpmat-ufmt.com.br\/index.php\/wp-json\/wp\/v2\/types\/post"}],"author":[{"embeddable":true,"href":"https:\/\/gpmat-ufmt.com.br\/index.php\/wp-json\/wp\/v2\/users\/3"}],"replies":[{"embeddable":true,"href":"https:\/\/gpmat-ufmt.com.br\/index.php\/wp-json\/wp\/v2\/comments?post=4028"}],"version-history":[{"count":1,"href":"https:\/\/gpmat-ufmt.com.br\/index.php\/wp-json\/wp\/v2\/posts\/4028\/revisions"}],"predecessor-version":[{"id":4029,"href":"https:\/\/gpmat-ufmt.com.br\/index.php\/wp-json\/wp\/v2\/posts\/4028\/revisions\/4029"}],"wp:attachment":[{"href":"https:\/\/gpmat-ufmt.com.br\/index.php\/wp-json\/wp\/v2\/media?parent=4028"}],"wp:term":[{"taxonomy":"category","embeddable":true,"href":"https:\/\/gpmat-ufmt.com.br\/index.php\/wp-json\/wp\/v2\/categories?post=4028"},{"taxonomy":"post_tag","embeddable":true,"href":"https:\/\/gpmat-ufmt.com.br\/index.php\/wp-json\/wp\/v2\/tags?post=4028"}],"curies":[{"name":"wp","href":"https:\/\/api.w.org\/{rel}","templated":true}]}}