{"id":4021,"date":"2025-02-19T00:20:38","date_gmt":"2025-02-19T03:20:38","guid":{"rendered":"https:\/\/gpmat-ufmt.com.br\/?p=4021"},"modified":"2025-02-19T00:20:39","modified_gmt":"2025-02-19T03:20:39","slug":"agrotoxicos-e-saude-do-trabalhador-rural","status":"publish","type":"post","link":"https:\/\/gpmat-ufmt.com.br\/index.php\/2025\/02\/19\/agrotoxicos-e-saude-do-trabalhador-rural\/","title":{"rendered":"Agrot\u00f3xicos e sa\u00fade do trabalhador rural"},"content":{"rendered":"\n<div class=\"wp-block-group\"><div class=\"wp-block-group__inner-container is-layout-constrained wp-block-group-is-layout-constrained\">\n<p><strong>Carla Reita Faria Leal<br>Sabrina Ripoli Bianchi<\/strong><\/p>\n\n\n<div class=\"wp-block-image\">\n<figure class=\"alignright size-large is-resized\"><img fetchpriority=\"high\" decoding=\"async\" width=\"684\" height=\"1024\" src=\"http:\/\/gpmat-ufmt.com.br\/wp-content\/uploads\/2025\/02\/WhatsApp-Image-2025-02-13-at-08.22.00-1-684x1024.jpeg\" alt=\"\" class=\"wp-image-3949\" style=\"width:359px;height:auto\" srcset=\"https:\/\/gpmat-ufmt.com.br\/wp-content\/uploads\/2025\/02\/WhatsApp-Image-2025-02-13-at-08.22.00-1-684x1024.jpeg 684w, https:\/\/gpmat-ufmt.com.br\/wp-content\/uploads\/2025\/02\/WhatsApp-Image-2025-02-13-at-08.22.00-1-200x300.jpeg 200w, https:\/\/gpmat-ufmt.com.br\/wp-content\/uploads\/2025\/02\/WhatsApp-Image-2025-02-13-at-08.22.00-1-768x1151.jpeg 768w, https:\/\/gpmat-ufmt.com.br\/wp-content\/uploads\/2025\/02\/WhatsApp-Image-2025-02-13-at-08.22.00-1-1025x1536.jpeg 1025w, https:\/\/gpmat-ufmt.com.br\/wp-content\/uploads\/2025\/02\/WhatsApp-Image-2025-02-13-at-08.22.00-1-1000x1498.jpeg 1000w, https:\/\/gpmat-ufmt.com.br\/wp-content\/uploads\/2025\/02\/WhatsApp-Image-2025-02-13-at-08.22.00-1-500x749.jpeg 500w, https:\/\/gpmat-ufmt.com.br\/wp-content\/uploads\/2025\/02\/WhatsApp-Image-2025-02-13-at-08.22.00-1.jpeg 1068w\" sizes=\"(max-width: 684px) 100vw, 684px\" \/><\/figure><\/div><\/div><\/div>\n\n\n\n<p class=\"has-text-align-justify\">O agroneg\u00f3cio representa um importante papel no setor econ\u00f4mico brasileiro, registrando impressionantes n\u00fameros e sendo, muitas vezes, o respons\u00e1vel pelo super\u00e1vit da balan\u00e7a comercial do pa\u00eds. Esse setor, segundo os dados do Centro de Estudos Avan\u00e7ados em Economia Aplicada da USP, \u00e9 respons\u00e1vel por empregar cerca de 18,3 milh\u00f5es de pessoas, quase 20% do mercado de trabalho atual. Apesar dessas benesses econ\u00f4micas, o modelo atual de produ\u00e7\u00e3o apresenta s\u00e9rios problemas relacionados ao uso intenso de agrot\u00f3xicos, que teve um aumento consider\u00e1vel nas \u00faltimas d\u00e9cadas, registrando em 2017 um uso 5 vezes maior do que no in\u00edcio dos anos 90. Importante salientar que o aumento da produtividade n\u00e3o \u00e9 o melhor argumento para a defesa de tal pr\u00e1tica, visto que o seu crescimento n\u00e3o foi proporcional ao crescimento do uso desses insumos. Os danos causados por essas subst\u00e2ncias s\u00e3o in\u00fameros. No que se refere ao meio ambiente, por exemplo, podemos falar sobre a sua capacidade de contaminar o solo, a \u00e1gua, o ar, al\u00e9m de alcan\u00e7ar os len\u00e7\u00f3is fre\u00e1ticos e afetar tamb\u00e9m a fauna. Por constitu\u00edrem-se em subst\u00e2ncias desenvolvidas para exterminar ou dificultar a vida de insetos, fungos, plantas invasoras, roedores e outros seres, atuam em processos vitais, podendo gerar consequ\u00eancias variadas sobre a estrutura f\u00edsica e sa\u00fade humana. Dada a sua dissemina\u00e7\u00e3o por todos os meios, eles conseguem afetar toda a popula\u00e7\u00e3o. No entanto, as pessoas que sofrem as suas consequ\u00eancias de forma mais direta s\u00e3o os trabalhadores rurais, visto que est\u00e3o em contato constante e rotineiro com tais produtos em decorr\u00eancia de suas atividades. Seus efeitos sob o organismo humano podem exteriorizar-se de forma aguda ou cr\u00f4nica. A primeira resulta da exposi\u00e7\u00e3o a agentes capazes de causarem dano efetivo durante ou logo ap\u00f3s o contato com o produto, causando efeitos bastante percept\u00edveis, como espasmos musculares, convuls\u00f5es, n\u00e1useas, desmaios, v\u00f4mitos, dificuldade respirat\u00f3ria, sangramentos ou at\u00e9 mesmo a morte, dado o potencial letal de determinados agrot\u00f3xicos. Por outro lado, os efeitos cr\u00f4nicos s\u00e3o aqueles que aparecem ap\u00f3s semanas, meses, anos, ou at\u00e9 mesmo em outras gera\u00e7\u00f5es, ap\u00f3s a utiliza\u00e7\u00e3o da subst\u00e2ncia. Em decorr\u00eancia desse longo tempo para surgirem os sintomas, n\u00e3o s\u00e3o raros os casos em que n\u00e3o se consegue estabelecer um nexo de causalidade entre a doen\u00e7a e a exposi\u00e7\u00e3o ao agrot\u00f3xico. Apesar desta dificuldade, existem in\u00fameras doen\u00e7as cuja correla\u00e7\u00e3o j\u00e1 \u00e9 comprovada ou que apresentam fortes evid\u00eancias cient\u00edficas da sua rela\u00e7\u00e3o com os agrot\u00f3xicos, como, por exemplo, casos de les\u00e3o cerebral irrevers\u00edvel, neurites perif\u00e9ricas, les\u00f5es hep\u00e1ticas, c\u00e2nceres nos sistemas respirat\u00f3rio, digestivo, urin\u00e1rio, genitais masculinos e femininos, c\u00e2ncer de mama, de es\u00f4fago, dentre muitas outras. Al\u00e9m da parte f\u00edsica, os agrot\u00f3xicos podem afetar tamb\u00e9m a parte neurol\u00f3gica do organismo e a sua sa\u00fade mental. Com rela\u00e7\u00e3o a doen\u00e7as neurol\u00f3gicas, muitos estudos associam seu uso com as enfermidades neurodegenerativas, como Parkinson e Alzheimer, e neurocomportamentais, que se manifestam em crian\u00e7as cujas m\u00e3es estiverem expostas a essas subst\u00e2ncias durante a gesta\u00e7\u00e3o, como, por exemplo, transtorno de espectro autista e transtorno de d\u00e9ficit de aten\u00e7\u00e3o e hiperatividade. J\u00e1 com rela\u00e7\u00e3o \u00e0 sa\u00fade mental, v\u00e1rias pesquisas demonstram a sua correla\u00e7\u00e3o com casos de depress\u00e3o, transtorno de ansiedade, esquizofrenia, dentre outras enfermidades, apontando, inclusive, para o seu potencial nexo com o elevado n\u00famero de suic\u00eddios que ocorre, por exemplo, nas lavouras de fumo. Nesse sentido, por mais que saibamos que o direito \u00e0 sa\u00fade do trabalhador est\u00e1 devidamente tutelado em nosso ordenamento jur\u00eddico, percebe-se que alguns fatores da nossa moderna economia acabam por adoec\u00ea-los cada vez mais, o que deveria corresponder a uma preocupa\u00e7\u00e3o de toda a sociedade, visto que esse adoecimento causa enormes impactos em indiv\u00edduos em plena vida produtiva, assim como  em gastos com a Sa\u00fade que o Estado precisa suportar e que s\u00e3o, consequentemente, pagos por todos os contribuintes.<br>*Carla Reita Faria Leal e Sabrina Ripoli Bianchi s\u00e3o membros do Grupo de Pesquisa sobre o meio ambiente do trabalho da UFMT, o GPMAT<\/p>\n\n\n\n<p class=\"has-text-align-justify\"> <\/p>\n","protected":false},"excerpt":{"rendered":"<p>Carla Reita Faria LealSabrina Ripoli Bianchi O agroneg\u00f3cio representa um importante papel no setor econ\u00f4mico brasileiro, registrando impressionantes n\u00fameros e sendo, muitas vezes, o respons\u00e1vel pelo super\u00e1vit da balan\u00e7a comercial do pa\u00eds. Esse setor, segundo os dados do Centro de Estudos Avan\u00e7ados em Economia Aplicada da USP, \u00e9 respons\u00e1vel por empregar cerca de 18,3 milh\u00f5es&#8230; <span class=\"more\"><a class=\"more-link\" href=\"https:\/\/gpmat-ufmt.com.br\/index.php\/2025\/02\/19\/agrotoxicos-e-saude-do-trabalhador-rural\/\">Continue reading <span class=\"meta-nav\">&#8594;<\/span><\/a><\/span><\/p>\n","protected":false},"author":3,"featured_media":0,"comment_status":"open","ping_status":"open","sticky":false,"template":"","format":"standard","meta":{"_editorskit_title_hidden":false,"_editorskit_reading_time":0,"_editorskit_is_block_options_detached":false,"_editorskit_block_options_position":"{}","footnotes":""},"categories":[1],"tags":[],"_links":{"self":[{"href":"https:\/\/gpmat-ufmt.com.br\/index.php\/wp-json\/wp\/v2\/posts\/4021"}],"collection":[{"href":"https:\/\/gpmat-ufmt.com.br\/index.php\/wp-json\/wp\/v2\/posts"}],"about":[{"href":"https:\/\/gpmat-ufmt.com.br\/index.php\/wp-json\/wp\/v2\/types\/post"}],"author":[{"embeddable":true,"href":"https:\/\/gpmat-ufmt.com.br\/index.php\/wp-json\/wp\/v2\/users\/3"}],"replies":[{"embeddable":true,"href":"https:\/\/gpmat-ufmt.com.br\/index.php\/wp-json\/wp\/v2\/comments?post=4021"}],"version-history":[{"count":1,"href":"https:\/\/gpmat-ufmt.com.br\/index.php\/wp-json\/wp\/v2\/posts\/4021\/revisions"}],"predecessor-version":[{"id":4022,"href":"https:\/\/gpmat-ufmt.com.br\/index.php\/wp-json\/wp\/v2\/posts\/4021\/revisions\/4022"}],"wp:attachment":[{"href":"https:\/\/gpmat-ufmt.com.br\/index.php\/wp-json\/wp\/v2\/media?parent=4021"}],"wp:term":[{"taxonomy":"category","embeddable":true,"href":"https:\/\/gpmat-ufmt.com.br\/index.php\/wp-json\/wp\/v2\/categories?post=4021"},{"taxonomy":"post_tag","embeddable":true,"href":"https:\/\/gpmat-ufmt.com.br\/index.php\/wp-json\/wp\/v2\/tags?post=4021"}],"curies":[{"name":"wp","href":"https:\/\/api.w.org\/{rel}","templated":true}]}}