{"id":3994,"date":"2025-02-15T18:37:25","date_gmt":"2025-02-15T21:37:25","guid":{"rendered":"https:\/\/gpmat-ufmt.com.br\/?p=3994"},"modified":"2025-02-15T18:37:26","modified_gmt":"2025-02-15T21:37:26","slug":"o-novo-auxilio-emergencial-2021","status":"publish","type":"post","link":"https:\/\/gpmat-ufmt.com.br\/index.php\/2025\/02\/15\/o-novo-auxilio-emergencial-2021\/","title":{"rendered":"O Novo Aux\u00edlio Emergencial 2021"},"content":{"rendered":"\n<div class=\"wp-block-group\"><div class=\"wp-block-group__inner-container is-layout-constrained wp-block-group-is-layout-constrained\">\n<p><strong>Carla Reita faria  Leal<br>Vitor Alexandre de Moraes<\/strong><\/p>\n\n\n<div class=\"wp-block-image\">\n<figure class=\"alignright size-large is-resized\"><img fetchpriority=\"high\" decoding=\"async\" width=\"684\" height=\"1024\" src=\"http:\/\/gpmat-ufmt.com.br\/wp-content\/uploads\/2025\/02\/WhatsApp-Image-2025-02-13-at-08.22.00-1-684x1024.jpeg\" alt=\"\" class=\"wp-image-3949\" style=\"width:250px;height:auto\" srcset=\"https:\/\/gpmat-ufmt.com.br\/wp-content\/uploads\/2025\/02\/WhatsApp-Image-2025-02-13-at-08.22.00-1-684x1024.jpeg 684w, https:\/\/gpmat-ufmt.com.br\/wp-content\/uploads\/2025\/02\/WhatsApp-Image-2025-02-13-at-08.22.00-1-200x300.jpeg 200w, https:\/\/gpmat-ufmt.com.br\/wp-content\/uploads\/2025\/02\/WhatsApp-Image-2025-02-13-at-08.22.00-1-768x1151.jpeg 768w, https:\/\/gpmat-ufmt.com.br\/wp-content\/uploads\/2025\/02\/WhatsApp-Image-2025-02-13-at-08.22.00-1-1025x1536.jpeg 1025w, https:\/\/gpmat-ufmt.com.br\/wp-content\/uploads\/2025\/02\/WhatsApp-Image-2025-02-13-at-08.22.00-1-1000x1498.jpeg 1000w, https:\/\/gpmat-ufmt.com.br\/wp-content\/uploads\/2025\/02\/WhatsApp-Image-2025-02-13-at-08.22.00-1-500x749.jpeg 500w, https:\/\/gpmat-ufmt.com.br\/wp-content\/uploads\/2025\/02\/WhatsApp-Image-2025-02-13-at-08.22.00-1.jpeg 1068w\" sizes=\"(max-width: 684px) 100vw, 684px\" \/><\/figure><\/div><\/div><\/div>\n\n\n\n<p class=\"has-text-align-justify\">O Aux\u00edlio Emergencial, recriado pela MP 1039\/2021 para ser pago em 2021, \u00e9 um programa que recebeu aporte de cerca de 44 bilh\u00f5es de reais da PEC Emergencial 109\/2021, visando  fornecer prote\u00e7\u00e3o aos mais vulner\u00e1veis no per\u00edodo de prolongamento da crise causada pela pandemia do novo coronav\u00edrus. Ir\u00e1 atender mais de 45 milh\u00f5es de brasileiros e \u00e9 destinado a todos os trabalhadores informais, os inscritos no Cad\u00danico e os benefici\u00e1rios do Bolsa Fam\u00edlia que j\u00e1 recebiam o aux\u00edlio emergencial original, ou a sua extens\u00e3o em dezembro de 2020.  O novo aux\u00edlio ser\u00e1 disponibilizado em 04 parcelas mensais creditadas de abril a julho de 2021 em valores vari\u00e1veis a depender do tamanho da fam\u00edlia. O valor ser\u00e1 de R$150,00 no caso de pessoas sozinhas. J\u00e1 para as fam\u00edlias compostas por mais de uma pessoa, o benef\u00edcio \u00e9 de R$250,00 por m\u00eas. Em fam\u00edlia chefiada por mulher, sem c\u00f4njuge ou companheiro, com pelo menos uma pessoa menor de dezoito anos de idade, receber\u00e1 parcelas mensais de R$375,00. As parcelas ser\u00e3o pagas independentemente de novo requerimento e ser\u00e3o creditadas conforme calend\u00e1rios distintos: um para o p\u00fablico geral, que segue o m\u00eas de nascimento do benefici\u00e1rio com cr\u00e9dito em Conta Poupan\u00e7a Social Digital, que poder\u00e1 ser utilizado por meio dos instrumentos CAIXA Tem e de suas funcionalidades: Cart\u00e3o de D\u00e9bito Virtual, Transfer\u00eancia de dinheiro, Pagamento de boletos e faturas, Saques e Pagar na maquininha. No caso de impossibilidade de utiliza\u00e7\u00e3o do CAIXA Tem, o benefici\u00e1rio seguir\u00e1 o calend\u00e1rio para saques em dinheiro nas unidades da Caixa. Para os benefici\u00e1rios do Programa Bolsa Fam\u00edlia que passar\u00e3o a receber o novo Aux\u00edlio Emergencial, o pagamento ser\u00e1 feito nos mesmos moldes do Bolsa Fam\u00edlia. As pessoas que tiverem d\u00favidas se est\u00e3o entre os benefici\u00e1rios do novo aux\u00edlio podem fazer consulta pelo site consultaauxilio.cidadania.gov.br . Ademais, podem consultar o site aux\u00edlio.caixa.gov.br , ou ligar para o telefone 111 da Caixa Econ\u00f4mica Federal. D\u00favidas a respeito da  sele\u00e7\u00e3o dos benefici\u00e1rios devem ser esclarecidas por meio dos canais de atendimento do Minist\u00e9rio da Cidadania. Notadamente, o aux\u00edlio emergencial comprovou-se ser muito importante para as fam\u00edlias brasileiras de baixa renda em 2020, servindo inclusive como \u00fanica fonte de renda para cerca de 6% dos domic\u00edlios, de acordo com a Carta de Conjuntura n.\u00ba 49 do PNAD do IBGE.   A principal cr\u00edtica que se faz \u00e9 que o benef\u00edcio, com a sua reformula\u00e7\u00e3o, parece seguir em descompasso com a real necessidade da popula\u00e7\u00e3o que depende exclusivamente dele.  Estudos, como o desenvolvido pelo Departamento Intersindical de Estat\u00edstica e Estudos Socioecon\u00f4micos denominado (DIEESE), , intitulado \u201cS\u00edntese Especial Emerg\u00eancia cresce, mas aux\u00edlio encolhe\u201d, aponta que \u201cas regras de acesso e valor do benef\u00edcio foram pioradas, o que se refletir\u00e1 no agravamento da crise econ\u00f4mica e social. O simples confronto entre o valor do benef\u00edcio mensal e o custo da cesta b\u00e1sica revela o quanto o montante \u00e9 insuficiente\u201d Para al\u00e9m disso, o n\u00famero de pessoas beneficiadas tamb\u00e9m diminuiu absurdamente.  Ao mesmo tempo, infelizmente, a situa\u00e7\u00e3o de inseguran\u00e7a alimentar no Brasil se agrava, ou seja, o n\u00famero de pessoas que passam fome por falta de dinheiro s\u00f3 est\u00e1 aumentando. Pesquisas demonstram que quase de 60% da popula\u00e7\u00e3o brasileira, ou seja, cerca de 125 milh\u00f5es de pessoas enfrentam situa\u00e7\u00e3o de inseguran\u00e7a alimentar. Uma parte, cerca de 30% da popula\u00e7\u00e3o, enfrenta inseguran\u00e7a alimentar grave ou moderada, que s\u00e3o aquelas pessoas que correm o risco de n\u00e3o comer por n\u00e3o ter acesso a recursos financeiros. Outros 30% encaram inseguran\u00e7a alimentar leve, ou seja, quando h\u00e1 preocupa\u00e7\u00e3o da comida acabar antes de ter dinheiro para comprar mais, ou quando n\u00e3o se pode comprar alimenta\u00e7\u00e3o saud\u00e1vel e variada.  Fica claro, portanto, que a sociedade e os Governos Federal, Estaduais e Municipais devem agir com urg\u00eancia, pensando em solu\u00e7\u00f5es duradoras para que n\u00e3o tenhamos cidad\u00e3os brasileiros passando fome.<\/p>\n\n\n\n<p>Carla Reita Faria Leal e Vitor Alexandre de Moraes s\u00e3o membros do Grupo de Pesquisa sobre Meio Ambiente do Trabalho da UFMT, o GPMAT<\/p>\n\n\n\n<p><\/p>\n","protected":false},"excerpt":{"rendered":"<p>Carla Reita faria LealVitor Alexandre de Moraes O Aux\u00edlio Emergencial, recriado pela MP 1039\/2021 para ser pago em 2021, \u00e9 um programa que recebeu aporte de cerca de 44 bilh\u00f5es de reais da PEC Emergencial 109\/2021, visando fornecer prote\u00e7\u00e3o aos mais vulner\u00e1veis no per\u00edodo de prolongamento da crise causada pela pandemia do novo coronav\u00edrus. Ir\u00e1&#8230; <span class=\"more\"><a class=\"more-link\" href=\"https:\/\/gpmat-ufmt.com.br\/index.php\/2025\/02\/15\/o-novo-auxilio-emergencial-2021\/\">Continue reading <span class=\"meta-nav\">&#8594;<\/span><\/a><\/span><\/p>\n","protected":false},"author":3,"featured_media":0,"comment_status":"open","ping_status":"open","sticky":false,"template":"","format":"standard","meta":{"_editorskit_title_hidden":false,"_editorskit_reading_time":0,"_editorskit_is_block_options_detached":false,"_editorskit_block_options_position":"{}","footnotes":""},"categories":[1],"tags":[],"_links":{"self":[{"href":"https:\/\/gpmat-ufmt.com.br\/index.php\/wp-json\/wp\/v2\/posts\/3994"}],"collection":[{"href":"https:\/\/gpmat-ufmt.com.br\/index.php\/wp-json\/wp\/v2\/posts"}],"about":[{"href":"https:\/\/gpmat-ufmt.com.br\/index.php\/wp-json\/wp\/v2\/types\/post"}],"author":[{"embeddable":true,"href":"https:\/\/gpmat-ufmt.com.br\/index.php\/wp-json\/wp\/v2\/users\/3"}],"replies":[{"embeddable":true,"href":"https:\/\/gpmat-ufmt.com.br\/index.php\/wp-json\/wp\/v2\/comments?post=3994"}],"version-history":[{"count":1,"href":"https:\/\/gpmat-ufmt.com.br\/index.php\/wp-json\/wp\/v2\/posts\/3994\/revisions"}],"predecessor-version":[{"id":3995,"href":"https:\/\/gpmat-ufmt.com.br\/index.php\/wp-json\/wp\/v2\/posts\/3994\/revisions\/3995"}],"wp:attachment":[{"href":"https:\/\/gpmat-ufmt.com.br\/index.php\/wp-json\/wp\/v2\/media?parent=3994"}],"wp:term":[{"taxonomy":"category","embeddable":true,"href":"https:\/\/gpmat-ufmt.com.br\/index.php\/wp-json\/wp\/v2\/categories?post=3994"},{"taxonomy":"post_tag","embeddable":true,"href":"https:\/\/gpmat-ufmt.com.br\/index.php\/wp-json\/wp\/v2\/tags?post=3994"}],"curies":[{"name":"wp","href":"https:\/\/api.w.org\/{rel}","templated":true}]}}