{"id":3557,"date":"2024-09-05T23:08:16","date_gmt":"2024-09-06T02:08:16","guid":{"rendered":"https:\/\/gpmat-ufmt.com.br\/?p=3557"},"modified":"2024-09-05T23:08:16","modified_gmt":"2024-09-06T02:08:16","slug":"webinar-saude-mental","status":"publish","type":"post","link":"https:\/\/gpmat-ufmt.com.br\/index.php\/2024\/09\/05\/webinar-saude-mental\/","title":{"rendered":"Webinar Sa\u00fade Mental"},"content":{"rendered":"\n<p class=\"has-medium-font-size\">Foi realizado o Webinar Sa\u00fade Mental, organizado pela Escola Judicial do TRT 23\u00aa Regi\u00e3o, pelo GPMAT e outros, o qual contou com a participa\u00e7\u00e3o da Prof.\u00aa Carla Reita Faria Leal.<\/p>\n\n\n\n<p class=\"has-medium-font-size\">Tem\u00e1tica de extrema import\u00e2ncia no contexto atual, o evento encontra-se dispon\u00edvel no canal do YouTube \u201cejudtrt23\u201d para quem perdeu essa oportunidade.<\/p>\n\n\n\n<figure class=\"wp-block-image size-large\"><img fetchpriority=\"high\" decoding=\"async\" width=\"896\" height=\"1024\" src=\"https:\/\/gpmat-ufmt.com.br\/wp-content\/uploads\/2024\/09\/SmartSelect_20240821_211844_Instagram-1-896x1024.jpg\" alt=\"\" class=\"wp-image-3559\" srcset=\"https:\/\/gpmat-ufmt.com.br\/wp-content\/uploads\/2024\/09\/SmartSelect_20240821_211844_Instagram-1-896x1024.jpg 896w, https:\/\/gpmat-ufmt.com.br\/wp-content\/uploads\/2024\/09\/SmartSelect_20240821_211844_Instagram-1-263x300.jpg 263w, https:\/\/gpmat-ufmt.com.br\/wp-content\/uploads\/2024\/09\/SmartSelect_20240821_211844_Instagram-1-768x878.jpg 768w, https:\/\/gpmat-ufmt.com.br\/wp-content\/uploads\/2024\/09\/SmartSelect_20240821_211844_Instagram-1-1000x1143.jpg 1000w, https:\/\/gpmat-ufmt.com.br\/wp-content\/uploads\/2024\/09\/SmartSelect_20240821_211844_Instagram-1-500x571.jpg 500w, https:\/\/gpmat-ufmt.com.br\/wp-content\/uploads\/2024\/09\/SmartSelect_20240821_211844_Instagram-1.jpg 1079w\" sizes=\"(max-width: 896px) 100vw, 896px\" \/><\/figure>\n\n\n\n<p><\/p>\n","protected":false},"excerpt":{"rendered":"<p>Foi realizado o Webinar Sa\u00fade Mental, organizado pela Escola Judicial do TRT 23\u00aa Regi\u00e3o, pelo GPMAT e outros, o qual contou com a participa\u00e7\u00e3o da Prof.\u00aa Carla Reita Faria Leal. Tem\u00e1tica de extrema import\u00e2ncia no contexto atual, o evento encontra-se dispon\u00edvel no canal do YouTube \u201cejudtrt23\u201d para quem perdeu essa oportunidade.<\/p>\n","protected":false},"author":4,"featured_media":0,"comment_status":"open","ping_status":"open","sticky":false,"template":"","format":"standard","meta":{"_editorskit_title_hidden":false,"_editorskit_reading_time":0,"_editorskit_is_block_options_detached":false,"_editorskit_block_options_position":"{}","footnotes":""},"categories":[70],"tags":[],"_links":{"self":[{"href":"https:\/\/gpmat-ufmt.com.br\/index.php\/wp-json\/wp\/v2\/posts\/3557"}],"collection":[{"href":"https:\/\/gpmat-ufmt.com.br\/index.php\/wp-json\/wp\/v2\/posts"}],"about":[{"href":"https:\/\/gpmat-ufmt.com.br\/index.php\/wp-json\/wp\/v2\/types\/post"}],"author":[{"embeddable":true,"href":"https:\/\/gpmat-ufmt.com.br\/index.php\/wp-json\/wp\/v2\/users\/4"}],"replies":[{"embeddable":true,"href":"https:\/\/gpmat-ufmt.com.br\/index.php\/wp-json\/wp\/v2\/comments?post=3557"}],"version-history":[{"count":1,"href":"https:\/\/gpmat-ufmt.com.br\/index.php\/wp-json\/wp\/v2\/posts\/3557\/revisions"}],"predecessor-version":[{"id":3560,"href":"https:\/\/gpmat-ufmt.com.br\/index.php\/wp-json\/wp\/v2\/posts\/3557\/revisions\/3560"}],"wp:attachment":[{"href":"https:\/\/gpmat-ufmt.com.br\/index.php\/wp-json\/wp\/v2\/media?parent=3557"}],"wp:term":[{"taxonomy":"category","embeddable":true,"href":"https:\/\/gpmat-ufmt.com.br\/index.php\/wp-json\/wp\/v2\/categories?post=3557"},{"taxonomy":"post_tag","embeddable":true,"href":"https:\/\/gpmat-ufmt.com.br\/index.php\/wp-json\/wp\/v2\/tags?post=3557"}],"curies":[{"name":"wp","href":"https:\/\/api.w.org\/{rel}","templated":true}]}}