{"id":3534,"date":"2024-09-05T21:59:33","date_gmt":"2024-09-06T00:59:33","guid":{"rendered":"https:\/\/gpmat-ufmt.com.br\/?p=3534"},"modified":"2024-09-05T21:59:33","modified_gmt":"2024-09-06T00:59:33","slug":"meio-ambiente-do-trabalho-em-tempos-de-pandemiada-covid-19-reflexoes-sobre-o-papel-do-poder-judiciario-na-busca-de-uma-protecao-adequada","status":"publish","type":"post","link":"https:\/\/gpmat-ufmt.com.br\/index.php\/2024\/09\/05\/meio-ambiente-do-trabalho-em-tempos-de-pandemiada-covid-19-reflexoes-sobre-o-papel-do-poder-judiciario-na-busca-de-uma-protecao-adequada\/","title":{"rendered":"MEIO AMBIENTE DO TRABALHO EM TEMPOS DE PANDEMIADA CoviD-19: REFLEX\u00d5ES SOBRE O PAPEL DO PODER JUDICI\u00c1RIO NA BUSCA DE UMA PROTE\u00c7\u00c3O ADEQUADA"},"content":{"rendered":"\n<h2 class=\"wp-block-heading\">REVISTA DE DIREITO AMBIENTAL &#8211; RDA<\/h2>\n\n\n\n<figure class=\"wp-block-image size-large is-resized\"><img fetchpriority=\"high\" decoding=\"async\" width=\"724\" height=\"1024\" src=\"https:\/\/gpmat-ufmt.com.br\/wp-content\/uploads\/2024\/09\/a4068dbd-bb97-43d7-bb10-d817eee9018c_page-0001-724x1024.jpg\" alt=\"\" class=\"wp-image-3535\" style=\"width:284px;height:auto\" srcset=\"https:\/\/gpmat-ufmt.com.br\/wp-content\/uploads\/2024\/09\/a4068dbd-bb97-43d7-bb10-d817eee9018c_page-0001-724x1024.jpg 724w, https:\/\/gpmat-ufmt.com.br\/wp-content\/uploads\/2024\/09\/a4068dbd-bb97-43d7-bb10-d817eee9018c_page-0001-212x300.jpg 212w, https:\/\/gpmat-ufmt.com.br\/wp-content\/uploads\/2024\/09\/a4068dbd-bb97-43d7-bb10-d817eee9018c_page-0001-768x1087.jpg 768w, https:\/\/gpmat-ufmt.com.br\/wp-content\/uploads\/2024\/09\/a4068dbd-bb97-43d7-bb10-d817eee9018c_page-0001-1085x1536.jpg 1085w, https:\/\/gpmat-ufmt.com.br\/wp-content\/uploads\/2024\/09\/a4068dbd-bb97-43d7-bb10-d817eee9018c_page-0001-1000x1415.jpg 1000w, https:\/\/gpmat-ufmt.com.br\/wp-content\/uploads\/2024\/09\/a4068dbd-bb97-43d7-bb10-d817eee9018c_page-0001-500x708.jpg 500w, https:\/\/gpmat-ufmt.com.br\/wp-content\/uploads\/2024\/09\/a4068dbd-bb97-43d7-bb10-d817eee9018c_page-0001.jpg 1224w\" sizes=\"(max-width: 724px) 100vw, 724px\" \/><\/figure>\n\n\n\n<h2 class=\"wp-block-heading\">RESUMO:<\/h2>\n\n\n\n<p class=\"has-medium-font-size\">O artigo objetiva discutir o papel do Poder Judici\u00e1rio para a correta aplica\u00e7\u00e3o do princ\u00edpio da precau\u00e7\u00e3o em prol da coletividade, tendo como par\u00e2metro a ci\u00eancia produzida pelos \u00f3rg\u00e3os competentes da \u00e1rea da sa\u00fade no contexto da pandemia da Covid-19. Especificamente, almeja-se tratar da ordem correta de aplica\u00e7\u00e3o das medidas de prote\u00e7\u00e3o estipuladas pela Consolida\u00e7\u00e3o das Leis Trabalhistas e pela Norma Regulamentar 1 para o meio ambiente de trabalho e apontar a interdepend\u00eancia entre o meio ambiente do trabalho e o meio ambiente em geral, sobretudo em contextos como o de uma pandemia. Para tanto, vale-se do m\u00e9todo dedutivo e de pesquisa doutrin\u00e1ria e documental \u2013 essa \u00faltima, por meio do apontamento da legisla\u00e7\u00e3o produzida para o enfrentamento da Covid-19 e de decis\u00f5es proferidas pelo Supremo Tribunal Federal. Conclui-se que as medidas de prote\u00e7\u00e3o de natureza administrativo e de cunho geral devem prevalecer sobre as de cunho individual e que compete ao Poder Judici\u00e1rio garantir a preval\u00eancia do interesse p\u00fablico sobre o particular.<\/p>\n\n\n\n<p class=\"has-medium-font-size\"><strong>PALAVRAS-CHAVES:<\/strong> Covid-19; Medidas de prote\u00e7\u00e3o; Preval\u00eancia do interesse p\u00fablico; Papel do Poder Judici\u00e1rio;<\/p>\n\n\n\n<p class=\"has-text-align-right has-medium-font-size\"><em>Claudirene Andrade Ribeiro<\/em><br><em>Carla Reita Faria Leal<\/em><\/p>\n\n\n\n<p class=\"has-text-align-center has-medium-font-size\"><mark style=\"background-color:#fcb900\" class=\"has-inline-color\"><a href=\"http:\/\/gpmat-ufmt.com.br\/wp-content\/uploads\/2024\/09\/Meio-ambiente-do-trabalho-em-tempos-de-pandemia-da-COVID-19-reflexoes-sobre-os-desafios-para-uma-protecao-adequada.pdf\">Link para baixar cap\u00edtulo completo.<\/a><\/mark><\/p>\n","protected":false},"excerpt":{"rendered":"<p>REVISTA DE DIREITO AMBIENTAL &#8211; RDA RESUMO: O artigo objetiva discutir o papel do Poder Judici\u00e1rio para a correta aplica\u00e7\u00e3o do princ\u00edpio da precau\u00e7\u00e3o em prol da coletividade, tendo como par\u00e2metro a ci\u00eancia produzida pelos \u00f3rg\u00e3os competentes da \u00e1rea da sa\u00fade no contexto da pandemia da Covid-19. Especificamente, almeja-se tratar da ordem correta de aplica\u00e7\u00e3o&#8230; <span class=\"more\"><a class=\"more-link\" href=\"https:\/\/gpmat-ufmt.com.br\/index.php\/2024\/09\/05\/meio-ambiente-do-trabalho-em-tempos-de-pandemiada-covid-19-reflexoes-sobre-o-papel-do-poder-judiciario-na-busca-de-uma-protecao-adequada\/\">Continue reading <span class=\"meta-nav\">&#8594;<\/span><\/a><\/span><\/p>\n","protected":false},"author":4,"featured_media":3189,"comment_status":"open","ping_status":"open","sticky":false,"template":"","format":"standard","meta":{"_editorskit_title_hidden":false,"_editorskit_reading_time":0,"_editorskit_is_block_options_detached":false,"_editorskit_block_options_position":"{}","footnotes":""},"categories":[74],"tags":[126,127,129,128],"_links":{"self":[{"href":"https:\/\/gpmat-ufmt.com.br\/index.php\/wp-json\/wp\/v2\/posts\/3534"}],"collection":[{"href":"https:\/\/gpmat-ufmt.com.br\/index.php\/wp-json\/wp\/v2\/posts"}],"about":[{"href":"https:\/\/gpmat-ufmt.com.br\/index.php\/wp-json\/wp\/v2\/types\/post"}],"author":[{"embeddable":true,"href":"https:\/\/gpmat-ufmt.com.br\/index.php\/wp-json\/wp\/v2\/users\/4"}],"replies":[{"embeddable":true,"href":"https:\/\/gpmat-ufmt.com.br\/index.php\/wp-json\/wp\/v2\/comments?post=3534"}],"version-history":[{"count":1,"href":"https:\/\/gpmat-ufmt.com.br\/index.php\/wp-json\/wp\/v2\/posts\/3534\/revisions"}],"predecessor-version":[{"id":3537,"href":"https:\/\/gpmat-ufmt.com.br\/index.php\/wp-json\/wp\/v2\/posts\/3534\/revisions\/3537"}],"wp:featuredmedia":[{"embeddable":true,"href":"https:\/\/gpmat-ufmt.com.br\/index.php\/wp-json\/wp\/v2\/media\/3189"}],"wp:attachment":[{"href":"https:\/\/gpmat-ufmt.com.br\/index.php\/wp-json\/wp\/v2\/media?parent=3534"}],"wp:term":[{"taxonomy":"category","embeddable":true,"href":"https:\/\/gpmat-ufmt.com.br\/index.php\/wp-json\/wp\/v2\/categories?post=3534"},{"taxonomy":"post_tag","embeddable":true,"href":"https:\/\/gpmat-ufmt.com.br\/index.php\/wp-json\/wp\/v2\/tags?post=3534"}],"curies":[{"name":"wp","href":"https:\/\/api.w.org\/{rel}","templated":true}]}}