{"id":3522,"date":"2024-09-03T23:07:18","date_gmt":"2024-09-04T02:07:18","guid":{"rendered":"https:\/\/gpmat-ufmt.com.br\/?p=3522"},"modified":"2024-09-03T23:07:19","modified_gmt":"2024-09-04T02:07:19","slug":"nanotecnologia-riscos-adicionais-a-saude-do-trabalhador-na-industria-4-0","status":"publish","type":"post","link":"https:\/\/gpmat-ufmt.com.br\/index.php\/2024\/09\/03\/nanotecnologia-riscos-adicionais-a-saude-do-trabalhador-na-industria-4-0\/","title":{"rendered":"NANOTECNOLOGIA: riscos adicionais \u00e0 sa\u00fade do trabalhador na Ind\u00fastria 4.0"},"content":{"rendered":"\n<h2 class=\"wp-block-heading\">O Direito e o Processo de Trabalho na 4\u00aa Revolu\u00e7\u00e3o Industrial<\/h2>\n\n\n\n<figure class=\"wp-block-image size-large is-resized\"><img fetchpriority=\"high\" decoding=\"async\" width=\"766\" height=\"1024\" src=\"https:\/\/gpmat-ufmt.com.br\/wp-content\/uploads\/2024\/09\/e0da80f3-354b-4b2e-86cb-e04f0948bbf2_page-0001-766x1024.jpg\" alt=\"\" class=\"wp-image-3524\" style=\"width:276px;height:auto\" srcset=\"https:\/\/gpmat-ufmt.com.br\/wp-content\/uploads\/2024\/09\/e0da80f3-354b-4b2e-86cb-e04f0948bbf2_page-0001-766x1024.jpg 766w, https:\/\/gpmat-ufmt.com.br\/wp-content\/uploads\/2024\/09\/e0da80f3-354b-4b2e-86cb-e04f0948bbf2_page-0001-224x300.jpg 224w, https:\/\/gpmat-ufmt.com.br\/wp-content\/uploads\/2024\/09\/e0da80f3-354b-4b2e-86cb-e04f0948bbf2_page-0001-768x1027.jpg 768w, https:\/\/gpmat-ufmt.com.br\/wp-content\/uploads\/2024\/09\/e0da80f3-354b-4b2e-86cb-e04f0948bbf2_page-0001-1000x1338.jpg 1000w, https:\/\/gpmat-ufmt.com.br\/wp-content\/uploads\/2024\/09\/e0da80f3-354b-4b2e-86cb-e04f0948bbf2_page-0001-500x669.jpg 500w, https:\/\/gpmat-ufmt.com.br\/wp-content\/uploads\/2024\/09\/e0da80f3-354b-4b2e-86cb-e04f0948bbf2_page-0001.jpg 1016w\" sizes=\"(max-width: 766px) 100vw, 766px\" \/><\/figure>\n\n\n\n<h2 class=\"wp-block-heading\">INTRODU\u00c7\u00c3O:<\/h2>\n\n\n\n<p class=\"has-medium-font-size\">As rela\u00e7\u00f5es de trabalho no sistema capitalista tendem a privilegiar o maior retorno financeiro poss\u00edvel, contexto que exige a interven\u00e7\u00e3o do Estado na tentativa de equilibrar as rela\u00e7\u00f5es entre os envolvidos: de um lado os detentores dos meios de produ\u00e7\u00e3o, do outro, os detentores da for\u00e7a de trabalho, normalmente sua \u00fanica fonte de subsist\u00eancia.<\/p>\n\n\n\n<p class=\"has-medium-font-size\">Este cen\u00e1rio, que por si s\u00f3 ao longo da hist\u00f3ria traz um sem-n\u00famero de problemas e indefini\u00e7\u00f5es, agora, com o advento da chamada Quarta Revolu\u00e7\u00e3o Industrial ou Ind\u00fastria 4.0, parece trazer consigo ainda mais complexidade, o que exigir\u00e1 da sociedade maior capacidade de regula\u00e7\u00e3o e adapta\u00e7\u00e3o do que a vivida at\u00e9 ent\u00e3o. Nestes novos tempos, a busca pelo barateamento da produ\u00e7\u00e3o tem for\u00e7ado ainda mais a fragiliza\u00e7\u00e3o das rela\u00e7\u00f5es de emprego, ignorando-se, sobremaneira, os poss\u00edveis efeitos indesejados do uso das novas tecnologias no meio ambiente e, principalmente, seu impacto na sa\u00fade do trabalhador.<\/p>\n\n\n\n<p class=\"has-medium-font-size\">A situa\u00e7\u00e3o parece um pouco pior quando a busca por novos produtos para atender ao mais exigente e concorrido mercado consumidor requer o uso de tecnologias cujo efeitos sobre o meio ambiente ainda \u00e9 incerto, como \u00e9 o caso da nanotecnologia. Sob o argumento da necessidade de se aceitar certos riscos para o progresso, o princ\u00edpio da precau\u00e7\u00e3o \u00e9 relativizado ou afastado.<\/p>\n\n\n\n<p class=\"has-medium-font-size\">N\u00e3o se pode olvidar que existem pontos positivos na implementa\u00e7\u00e3o da Quarta Revolu\u00e7\u00e3o Industrial, e que a evolu\u00e7\u00e3o \u00e9 importante e necess\u00e1ria. Exemplos podem ser vistos no ramo das telecomunica\u00e7\u00f5es, da ind\u00fastria (quando observadas as possibilidades de barateamento da produ\u00e7\u00e3o), agricultura e na medicina do s\u00e9culo XXI. Por\u00e9m, os efeitos colaterais ou resultados indesej\u00e1veis desse progresso n\u00e3o podem ser ignorados, e sim tratados e mitigados.<\/p>\n\n\n\n<p class=\"has-medium-font-size\">Do conjunto de resultados indesejados resultante das revolu\u00e7\u00f5es industriais, d\u00e1-se destaque, no tocante ao mundo do trabalho, principalmente, aos seguintes aspectos: a) as amea\u00e7as ao equil\u00edbrio do meio ambiente do trabalho, portanto, \u00e0 sa\u00fade e \u00e0 seguran\u00e7a do trabalhador; b) a precariza\u00e7\u00e3o do emprego; c) o fechamento dos postos de trabalho e a substitui\u00e7\u00e3o da for\u00e7a de trabalho por processos automatizados e; d) a explora\u00e7\u00e3o do trabalhador para al\u00e9m da jornada de trabalho, fragilizando a rela\u00e7\u00e3o de emprego pavimentando-se v\u00ednculos sutis de trabalho utilizando-se do meio ambiente digital.<\/p>\n\n\n\n<p class=\"has-medium-font-size\">Os riscos adicionais ao meio ambiente do trabalho e \u00e0 sa\u00fade do trabalhador resultantes da exposi\u00e7\u00e3o \u00e0 nanotecnologia s\u00e3o t\u00e3o ou mais significativos que aqueles derivados da substitui\u00e7\u00e3o de pessoas por processos e tecnologias objetivando a maximiza\u00e7\u00e3o dos retornos financeiros. Neste novo cen\u00e1rio, pode at\u00e9 haver a manuten\u00e7\u00e3o parcial dos empregos, por\u00e9m, sob invis\u00edvel precariza\u00e7\u00e3o das condi\u00e7\u00f5es de trabalho.<\/p>\n\n\n\n<p class=\"has-medium-font-size\">Conceitos distantes, por\u00e9m, atinentes ao meio ambiente do trabalho, precisam ser relacionados para uma melhor compreens\u00e3o destes riscos, o que constitui o principal objetivo desta pesquisa, que visa a analisar os riscos \u00e0 sa\u00fade do trabalhador decorrentes da exposi\u00e7\u00e3o \u00e0 nanotecnologia na Ind\u00fastria 4.0, \u00e0 luz dos princ\u00edpios da preven\u00e7\u00e3o e precau\u00e7\u00e3o, assim como a necessidade da regulamenta\u00e7\u00e3o do uso de tal tecnologia.<\/p>\n\n\n\n<p class=\"has-medium-font-size\">Para tanto, utilizando-se o m\u00e9todo dedutivo e as t\u00e9cnicas de pesquisa documental e bibliogr\u00e1fica, busca-se, inicialmente, a an\u00e1lise do direito fundamental ao meio ambiente do trabalho equilibrado, perquirindo sobre a possibilidade da aplica\u00e7\u00e3o dos princ\u00edpios ambientais acima mencionados quando se trata de riscos \u00e0 sa\u00fade do trabalhador decorrentes da exposi\u00e7\u00e3o \u00e0 nanotecnologia.<\/p>\n\n\n\n<p class=\"has-medium-font-size\">Na sequ\u00eancia, aborda-se a Ind\u00fastria 4.0 e seus principais elementos, situando a nanotecnologia neste contexto.<\/p>\n\n\n\n<p class=\"has-medium-font-size\">No terceiro t\u00f3pico s\u00e3o apresentados alguns dos riscos \u00e0 sa\u00fade do trabalhador em virtude de sua exposi\u00e7\u00e3o \u00e0s nanopart\u00edculas, apontando ainda como o tema vem sendo discutido no Poder Legislativo brasileiro.<\/p>\n\n\n\n<p class=\"has-medium-font-size\">Por fim, uma correla\u00e7\u00e3o entre as defici\u00eancias nas tratativas sobre os cuidados com a nanotecnologia e seu uso na Ind\u00fastria 4.0 ser\u00e1 analisada para propositura apresentada nas conclus\u00f5es.<\/p>\n\n\n\n<p class=\"has-text-align-right has-medium-font-size\"><em>Carla Reita Faria Leal<br>Carlos Henrique C\u00e2ndido<\/em><\/p>\n\n\n\n<p class=\"has-text-align-center has-medium-font-size\"><mark style=\"background-color:#fcb900\" class=\"has-inline-color\"><a href=\"http:\/\/gpmat-ufmt.com.br\/wp-content\/uploads\/2024\/09\/Nanotecnologia-riscos-adicionais-a-saude-do-trabalhador-na-Industria-4.0.pdf\" data-type=\"link\" data-id=\"http:\/\/gpmat-ufmt.com.br\/wp-content\/uploads\/2024\/08\/A-promocao-sustentabilidade-como-resposta-aos-impactos-do-Coronavirus-no-meio-ambiente-do-trabalho.pdf\">Link para baixar cap\u00edtulo completo.<\/a><\/mark><\/p>\n","protected":false},"excerpt":{"rendered":"<p>O Direito e o Processo de Trabalho na 4\u00aa Revolu\u00e7\u00e3o Industrial INTRODU\u00c7\u00c3O: As rela\u00e7\u00f5es de trabalho no sistema capitalista tendem a privilegiar o maior retorno financeiro poss\u00edvel, contexto que exige a interven\u00e7\u00e3o do Estado na tentativa de equilibrar as rela\u00e7\u00f5es entre os envolvidos: de um lado os detentores dos meios de produ\u00e7\u00e3o, do outro, os&#8230; <span class=\"more\"><a class=\"more-link\" href=\"https:\/\/gpmat-ufmt.com.br\/index.php\/2024\/09\/03\/nanotecnologia-riscos-adicionais-a-saude-do-trabalhador-na-industria-4-0\/\">Continue reading <span class=\"meta-nav\">&#8594;<\/span><\/a><\/span><\/p>\n","protected":false},"author":4,"featured_media":3185,"comment_status":"open","ping_status":"open","sticky":false,"template":"","format":"standard","meta":{"_editorskit_title_hidden":false,"_editorskit_reading_time":0,"_editorskit_is_block_options_detached":false,"_editorskit_block_options_position":"{}","footnotes":""},"categories":[74],"tags":[],"_links":{"self":[{"href":"https:\/\/gpmat-ufmt.com.br\/index.php\/wp-json\/wp\/v2\/posts\/3522"}],"collection":[{"href":"https:\/\/gpmat-ufmt.com.br\/index.php\/wp-json\/wp\/v2\/posts"}],"about":[{"href":"https:\/\/gpmat-ufmt.com.br\/index.php\/wp-json\/wp\/v2\/types\/post"}],"author":[{"embeddable":true,"href":"https:\/\/gpmat-ufmt.com.br\/index.php\/wp-json\/wp\/v2\/users\/4"}],"replies":[{"embeddable":true,"href":"https:\/\/gpmat-ufmt.com.br\/index.php\/wp-json\/wp\/v2\/comments?post=3522"}],"version-history":[{"count":1,"href":"https:\/\/gpmat-ufmt.com.br\/index.php\/wp-json\/wp\/v2\/posts\/3522\/revisions"}],"predecessor-version":[{"id":3525,"href":"https:\/\/gpmat-ufmt.com.br\/index.php\/wp-json\/wp\/v2\/posts\/3522\/revisions\/3525"}],"wp:featuredmedia":[{"embeddable":true,"href":"https:\/\/gpmat-ufmt.com.br\/index.php\/wp-json\/wp\/v2\/media\/3185"}],"wp:attachment":[{"href":"https:\/\/gpmat-ufmt.com.br\/index.php\/wp-json\/wp\/v2\/media?parent=3522"}],"wp:term":[{"taxonomy":"category","embeddable":true,"href":"https:\/\/gpmat-ufmt.com.br\/index.php\/wp-json\/wp\/v2\/categories?post=3522"},{"taxonomy":"post_tag","embeddable":true,"href":"https:\/\/gpmat-ufmt.com.br\/index.php\/wp-json\/wp\/v2\/tags?post=3522"}],"curies":[{"name":"wp","href":"https:\/\/api.w.org\/{rel}","templated":true}]}}