{"id":3493,"date":"2024-08-27T22:26:16","date_gmt":"2024-08-28T01:26:16","guid":{"rendered":"https:\/\/gpmat-ufmt.com.br\/?p=3493"},"modified":"2024-08-27T22:26:17","modified_gmt":"2024-08-28T01:26:17","slug":"erradicar-o-trabalho-escravo-desafios-de-multiplas-dimensoes","status":"publish","type":"post","link":"https:\/\/gpmat-ufmt.com.br\/index.php\/2024\/08\/27\/erradicar-o-trabalho-escravo-desafios-de-multiplas-dimensoes\/","title":{"rendered":"ERRADICAR O TRABALHO ESCRAVO: desafios de m\u00faltiplas dimens\u00f5es"},"content":{"rendered":"\n<h2 class=\"wp-block-heading\">NOVOS CAMINHOS PARA ERRADICAR O TRABALHO ESCRAVO CONTEMPOR\u00c2NEO<\/h2>\n\n\n\n<figure class=\"wp-block-image size-large\"><img fetchpriority=\"high\" decoding=\"async\" width=\"724\" height=\"1024\" src=\"https:\/\/gpmat-ufmt.com.br\/wp-content\/uploads\/2024\/08\/ASDSADGSADFSDAFSA_page-0001-724x1024.jpg\" alt=\"\" class=\"wp-image-3494\" srcset=\"https:\/\/gpmat-ufmt.com.br\/wp-content\/uploads\/2024\/08\/ASDSADGSADFSDAFSA_page-0001-724x1024.jpg 724w, https:\/\/gpmat-ufmt.com.br\/wp-content\/uploads\/2024\/08\/ASDSADGSADFSDAFSA_page-0001-212x300.jpg 212w, https:\/\/gpmat-ufmt.com.br\/wp-content\/uploads\/2024\/08\/ASDSADGSADFSDAFSA_page-0001-768x1087.jpg 768w, https:\/\/gpmat-ufmt.com.br\/wp-content\/uploads\/2024\/08\/ASDSADGSADFSDAFSA_page-0001-1085x1536.jpg 1085w, https:\/\/gpmat-ufmt.com.br\/wp-content\/uploads\/2024\/08\/ASDSADGSADFSDAFSA_page-0001-1000x1415.jpg 1000w, https:\/\/gpmat-ufmt.com.br\/wp-content\/uploads\/2024\/08\/ASDSADGSADFSDAFSA_page-0001-500x708.jpg 500w, https:\/\/gpmat-ufmt.com.br\/wp-content\/uploads\/2024\/08\/ASDSADGSADFSDAFSA_page-0001.jpg 1240w\" sizes=\"(max-width: 724px) 100vw, 724px\" \/><\/figure>\n\n\n\n<p class=\"has-large-font-size\"><strong>INTRODU\u00c7\u00c3O<\/strong><\/p>\n\n\n\n<p class=\"has-medium-font-size\">Erradicar o trabalho escravo contempor\u00e2neo (TEC) \u00e9 uma tarefa desafiadora, complexa e extremamente relevante. Ela \u00e9 uma das pautas centrais na cena pol\u00edtica, social e institucional do ocidente desde o s\u00e9culo passado e \u00e9 parte do compromisso socioinstitucional para os pr\u00f3ximos 10 anos, conforme descrito na agenda 2030 para o Desenvolvimento Sustent\u00e1vel.<br>De fato, a partir do in\u00edcio do s\u00e9culo XX existe um crescente ativismo anti-escravid\u00e3o nas sociedades p\u00f3s-abolicionistas, porque ainda se manifestavam fortemente formas contempor\u00e2neas de trabalho escravo.<br>Esse movimento ao longo do tempo envolveu institui\u00e7\u00f5es\/organiza\u00e7\u00f5es mundiais (como a Organiza\u00e7\u00e3o Internacional do Trabalho, a Liga das Na\u00e7\u00f5es, Organiza\u00e7\u00e3o das Na\u00e7\u00f5es Unidas, entre outras), movimentos sociais e populares, organiza\u00e7\u00f5es de trabalhadores, levando \u00e0 cria\u00e7\u00e3o de normas e mecanismos de combate \u00e0s formas contempor\u00e2neas de escravid\u00e3o, que envolvem termos como \u201cescravid\u00e3o moderna\u201d, \u201ccondi\u00e7\u00f5es an\u00e1logas \u00e0 escravid\u00e3o\u201d, \u201ctrabalho for\u00e7ado\u201d, \u201ctr\u00e1fico humano\u201d etc. <br>No cen\u00e1rio brasileiro, as manifesta\u00e7\u00f5es da escravid\u00e3o p\u00f3s-aboli\u00e7\u00e3o v\u00eam sendo reconhecidas, denunciadas e combatidas por movimentos sociais e populares, grupos dentro das institui\u00e7\u00f5es do Estado, das universidades, das igrejas etc. Das primeiras lutas sociais contra o TEC iniciadas com as den\u00fancias na d\u00e9cada de 1970 relacionadas aos conflitos no campo, no cen\u00e1rio da neocoloniza\u00e7\u00e3o e explora\u00e7\u00e3o de \u00e1reas riqu\u00edssimas em recursos naturais como Mato Grosso e Par\u00e1, at\u00e9 o momento, foi constru\u00eddo um relevante leque de a\u00e7\u00f5es e iniciativas. Mais de 50.000 trabalhadores foram resgatados pela fiscaliza\u00e7\u00e3o do trabalho entre 1995 e 2019, e diferentes a\u00e7\u00f5es foram implementadas como o aprimoramento na legisla\u00e7\u00e3o penal, o acompanhamento de casos e a publica\u00e7\u00e3o de estat\u00edsticas de ocorr\u00eancias de escravid\u00e3o, a cria\u00e7\u00e3o de projetos de assist\u00eancia \u00e0s v\u00edtimas, a aprova\u00e7\u00e3o de planos nacionais de erradica\u00e7\u00e3o, cria\u00e7\u00e3o de comiss\u00f5es de erradica\u00e7\u00e3o, a elabora\u00e7\u00e3o de estrat\u00e9gias de puni\u00e7\u00e3o, de empresas flagradas com TEC, entre tantas outras. J\u00e1 existe um patrim\u00f4nio de pr\u00e1ticas e experi\u00eancias brasileiras, com suas limita\u00e7\u00f5es, por\u00e9m bem-sucedido em muitos pontos.<\/p>\n\n\n\n<p class=\"has-text-align-right has-medium-font-size\"><em>Lu\u00eds Henrique da Costa Le\u00e3o <br>Carla Reita Faria Leal<\/em><\/p>\n\n\n\n<p class=\"has-text-align-center has-medium-font-size\"><mark style=\"background-color:#fcb900\" class=\"has-inline-color\"><a href=\"http:\/\/gpmat-ufmt.com.br\/wp-content\/uploads\/2024\/08\/Capitulo-de-Livro-Trabalho-escravo-contemporaneo_-a-saude-do-trabalhador-e-a-agua-para-consumo-2021.pdf\" data-type=\"link\" data-id=\"http:\/\/gpmat-ufmt.com.br\/wp-content\/uploads\/2024\/08\/A-promocao-sustentabilidade-como-resposta-aos-impactos-do-Coronavirus-no-meio-ambiente-do-trabalho.pdf\">Link para baixar cap\u00edtulo completo.<\/a><\/mark><\/p>\n","protected":false},"excerpt":{"rendered":"<p>NOVOS CAMINHOS PARA ERRADICAR O TRABALHO ESCRAVO CONTEMPOR\u00c2NEO INTRODU\u00c7\u00c3O Erradicar o trabalho escravo contempor\u00e2neo (TEC) \u00e9 uma tarefa desafiadora, complexa e extremamente relevante. Ela \u00e9 uma das pautas centrais na cena pol\u00edtica, social e institucional do ocidente desde o s\u00e9culo passado e \u00e9 parte do compromisso socioinstitucional para os pr\u00f3ximos 10 anos, conforme descrito na&#8230; <span class=\"more\"><a class=\"more-link\" href=\"https:\/\/gpmat-ufmt.com.br\/index.php\/2024\/08\/27\/erradicar-o-trabalho-escravo-desafios-de-multiplas-dimensoes\/\">Continue reading <span class=\"meta-nav\">&#8594;<\/span><\/a><\/span><\/p>\n","protected":false},"author":4,"featured_media":3185,"comment_status":"open","ping_status":"open","sticky":false,"template":"","format":"standard","meta":{"_editorskit_title_hidden":false,"_editorskit_reading_time":0,"_editorskit_is_block_options_detached":false,"_editorskit_block_options_position":"{}","footnotes":""},"categories":[74],"tags":[],"_links":{"self":[{"href":"https:\/\/gpmat-ufmt.com.br\/index.php\/wp-json\/wp\/v2\/posts\/3493"}],"collection":[{"href":"https:\/\/gpmat-ufmt.com.br\/index.php\/wp-json\/wp\/v2\/posts"}],"about":[{"href":"https:\/\/gpmat-ufmt.com.br\/index.php\/wp-json\/wp\/v2\/types\/post"}],"author":[{"embeddable":true,"href":"https:\/\/gpmat-ufmt.com.br\/index.php\/wp-json\/wp\/v2\/users\/4"}],"replies":[{"embeddable":true,"href":"https:\/\/gpmat-ufmt.com.br\/index.php\/wp-json\/wp\/v2\/comments?post=3493"}],"version-history":[{"count":1,"href":"https:\/\/gpmat-ufmt.com.br\/index.php\/wp-json\/wp\/v2\/posts\/3493\/revisions"}],"predecessor-version":[{"id":3496,"href":"https:\/\/gpmat-ufmt.com.br\/index.php\/wp-json\/wp\/v2\/posts\/3493\/revisions\/3496"}],"wp:featuredmedia":[{"embeddable":true,"href":"https:\/\/gpmat-ufmt.com.br\/index.php\/wp-json\/wp\/v2\/media\/3185"}],"wp:attachment":[{"href":"https:\/\/gpmat-ufmt.com.br\/index.php\/wp-json\/wp\/v2\/media?parent=3493"}],"wp:term":[{"taxonomy":"category","embeddable":true,"href":"https:\/\/gpmat-ufmt.com.br\/index.php\/wp-json\/wp\/v2\/categories?post=3493"},{"taxonomy":"post_tag","embeddable":true,"href":"https:\/\/gpmat-ufmt.com.br\/index.php\/wp-json\/wp\/v2\/tags?post=3493"}],"curies":[{"name":"wp","href":"https:\/\/api.w.org\/{rel}","templated":true}]}}