{"id":3489,"date":"2024-08-27T22:00:26","date_gmt":"2024-08-28T01:00:26","guid":{"rendered":"https:\/\/gpmat-ufmt.com.br\/?p=3489"},"modified":"2024-08-29T18:39:45","modified_gmt":"2024-08-29T21:39:45","slug":"a-necessaria-protecao-juridica-aos-trabalhadores-que-exercem-trabalho-penoso-no-corte-manual-da-cana-de-acucar","status":"publish","type":"post","link":"https:\/\/gpmat-ufmt.com.br\/index.php\/2024\/08\/27\/a-necessaria-protecao-juridica-aos-trabalhadores-que-exercem-trabalho-penoso-no-corte-manual-da-cana-de-acucar\/","title":{"rendered":"A necess\u00e1ria prote\u00e7\u00e3o jur\u00eddica aos trabalhadores que exercem trabalho penoso no corte manual da cana-de-a\u00e7\u00facar"},"content":{"rendered":"\n<h2 class=\"wp-block-heading\">REVISTA DE INFORMA\u00c7\u00c3O LEGISLATIVA<\/h2>\n\n\n\n<figure class=\"wp-block-image size-large is-resized\"><img fetchpriority=\"high\" decoding=\"async\" width=\"724\" height=\"1024\" src=\"https:\/\/gpmat-ufmt.com.br\/wp-content\/uploads\/2024\/08\/0ad92948-8706-45c4-bc8d-4a183c1f8bb5_page-0001-724x1024.jpg\" alt=\"\" class=\"wp-image-3491\" style=\"width:399px;height:auto\" srcset=\"https:\/\/gpmat-ufmt.com.br\/wp-content\/uploads\/2024\/08\/0ad92948-8706-45c4-bc8d-4a183c1f8bb5_page-0001-724x1024.jpg 724w, https:\/\/gpmat-ufmt.com.br\/wp-content\/uploads\/2024\/08\/0ad92948-8706-45c4-bc8d-4a183c1f8bb5_page-0001-212x300.jpg 212w, https:\/\/gpmat-ufmt.com.br\/wp-content\/uploads\/2024\/08\/0ad92948-8706-45c4-bc8d-4a183c1f8bb5_page-0001-768x1087.jpg 768w, https:\/\/gpmat-ufmt.com.br\/wp-content\/uploads\/2024\/08\/0ad92948-8706-45c4-bc8d-4a183c1f8bb5_page-0001-1085x1536.jpg 1085w, https:\/\/gpmat-ufmt.com.br\/wp-content\/uploads\/2024\/08\/0ad92948-8706-45c4-bc8d-4a183c1f8bb5_page-0001-1000x1415.jpg 1000w, https:\/\/gpmat-ufmt.com.br\/wp-content\/uploads\/2024\/08\/0ad92948-8706-45c4-bc8d-4a183c1f8bb5_page-0001-500x708.jpg 500w, https:\/\/gpmat-ufmt.com.br\/wp-content\/uploads\/2024\/08\/0ad92948-8706-45c4-bc8d-4a183c1f8bb5_page-0001.jpg 1224w\" sizes=\"(max-width: 724px) 100vw, 724px\" \/><\/figure>\n\n\n\n<h2 class=\"wp-block-heading\">RESUMO:<\/h2>\n\n\n\n<p>O artigo analisa a situa\u00e7\u00e3o dos trabalhadores que exercem trabalho penoso no corte manual da cana-de-a\u00e7\u00facar, com o objetivo de demonstrar a necessidade de sua prote\u00e7\u00e3o jur\u00eddica, a qual n\u00e3o tem sido objeto de efetiva preocupa\u00e7\u00e3o do Legislativo. Utilizando-se do m\u00e9todo dedutivo e das t\u00e9cnicas de pesquisa bibliogr\u00e1fica e documental, apresentam-se as bases te\u00f3ricas da centralidade do trabalho humano; descreve-se o processo de trabalho do corte manual da cana, identificando os riscos e os poss\u00edveis danos desse labor aos rur\u00edcolas; analisam-se a doutrina, a jurisprud\u00eancia e propostas legislativas relativas \u00e0 prote\u00e7\u00e3o dos que realizam trabalho penoso, destacadamente o exercido pelos cortadores de cana-de-a\u00e7\u00facar. Conclui-se pela exist\u00eancia de balizas doutrin\u00e1rias e jurisprudenciais robustas o suficiente para inspirar legisla\u00e7\u00e3o que regulamente o exerc\u00edcio do trabalho penoso e que contemple a prote\u00e7\u00e3o \u00e0 vida, \u00e0 sa\u00fade, ao bem-estar e \u00e0 dignidade dos cortadores manuais da cana-de-a\u00e7\u00facar.<\/p>\n\n\n\n<p class=\"has-medium-font-size\"><strong>Palavras-chave:<\/strong> Trabalho penoso. Cortadores de cana-de-a\u00e7\u00facar. Omiss\u00e3o legislativa.<\/p>\n\n\n\n<p class=\"has-text-align-right has-medium-font-size\"><em>DULCELY SILVA FRANCO<br>CARLA REITA FARIA LEAL<\/em><\/p>\n\n\n\n<p class=\"has-text-align-center has-medium-font-size\"><mark style=\"background-color:#fcb900\" class=\"has-inline-color\"><a href=\"http:\/\/gpmat-ufmt.com.br\/wp-content\/uploads\/2024\/08\/Revista-de-Informacao-Legislativa-A-necessaria-protecao-juridica-aos-trabalhadores-que-exercem-trabalho-penoso-no-corte-manual-da-cana-de-acucar.pdf\" data-type=\"link\" data-id=\"http:\/\/gpmat-ufmt.com.br\/wp-content\/uploads\/2024\/08\/A-promocao-sustentabilidade-como-resposta-aos-impactos-do-Coronavirus-no-meio-ambiente-do-trabalho.pdf\">Link para baixar cap\u00edtulo completo.<\/a><\/mark><\/p>\n","protected":false},"excerpt":{"rendered":"<p>REVISTA DE INFORMA\u00c7\u00c3O LEGISLATIVA RESUMO: O artigo analisa a situa\u00e7\u00e3o dos trabalhadores que exercem trabalho penoso no corte manual da cana-de-a\u00e7\u00facar, com o objetivo de demonstrar a necessidade de sua prote\u00e7\u00e3o jur\u00eddica, a qual n\u00e3o tem sido objeto de efetiva preocupa\u00e7\u00e3o do Legislativo. Utilizando-se do m\u00e9todo dedutivo e das t\u00e9cnicas de pesquisa bibliogr\u00e1fica e documental,&#8230; <span class=\"more\"><a class=\"more-link\" href=\"https:\/\/gpmat-ufmt.com.br\/index.php\/2024\/08\/27\/a-necessaria-protecao-juridica-aos-trabalhadores-que-exercem-trabalho-penoso-no-corte-manual-da-cana-de-acucar\/\">Continue reading <span class=\"meta-nav\">&#8594;<\/span><\/a><\/span><\/p>\n","protected":false},"author":4,"featured_media":3189,"comment_status":"open","ping_status":"open","sticky":false,"template":"","format":"standard","meta":{"_editorskit_title_hidden":false,"_editorskit_reading_time":0,"_editorskit_is_block_options_detached":false,"_editorskit_block_options_position":"{}","footnotes":""},"categories":[74],"tags":[86,87,85],"_links":{"self":[{"href":"https:\/\/gpmat-ufmt.com.br\/index.php\/wp-json\/wp\/v2\/posts\/3489"}],"collection":[{"href":"https:\/\/gpmat-ufmt.com.br\/index.php\/wp-json\/wp\/v2\/posts"}],"about":[{"href":"https:\/\/gpmat-ufmt.com.br\/index.php\/wp-json\/wp\/v2\/types\/post"}],"author":[{"embeddable":true,"href":"https:\/\/gpmat-ufmt.com.br\/index.php\/wp-json\/wp\/v2\/users\/4"}],"replies":[{"embeddable":true,"href":"https:\/\/gpmat-ufmt.com.br\/index.php\/wp-json\/wp\/v2\/comments?post=3489"}],"version-history":[{"count":1,"href":"https:\/\/gpmat-ufmt.com.br\/index.php\/wp-json\/wp\/v2\/posts\/3489\/revisions"}],"predecessor-version":[{"id":3492,"href":"https:\/\/gpmat-ufmt.com.br\/index.php\/wp-json\/wp\/v2\/posts\/3489\/revisions\/3492"}],"wp:featuredmedia":[{"embeddable":true,"href":"https:\/\/gpmat-ufmt.com.br\/index.php\/wp-json\/wp\/v2\/media\/3189"}],"wp:attachment":[{"href":"https:\/\/gpmat-ufmt.com.br\/index.php\/wp-json\/wp\/v2\/media?parent=3489"}],"wp:term":[{"taxonomy":"category","embeddable":true,"href":"https:\/\/gpmat-ufmt.com.br\/index.php\/wp-json\/wp\/v2\/categories?post=3489"},{"taxonomy":"post_tag","embeddable":true,"href":"https:\/\/gpmat-ufmt.com.br\/index.php\/wp-json\/wp\/v2\/tags?post=3489"}],"curies":[{"name":"wp","href":"https:\/\/api.w.org\/{rel}","templated":true}]}}