{"id":3481,"date":"2024-08-27T21:46:01","date_gmt":"2024-08-28T00:46:01","guid":{"rendered":"https:\/\/gpmat-ufmt.com.br\/?p=3481"},"modified":"2024-08-27T21:46:02","modified_gmt":"2024-08-28T00:46:02","slug":"os-principios-de-resguardo-de-conduta-como-meios-protetivos-a-saude-mental-dos-trabalhadores-rurais","status":"publish","type":"post","link":"https:\/\/gpmat-ufmt.com.br\/index.php\/2024\/08\/27\/os-principios-de-resguardo-de-conduta-como-meios-protetivos-a-saude-mental-dos-trabalhadores-rurais\/","title":{"rendered":"OS PRINC\u00cdPIOS DE RESGUARDO DE CONDUTA COMO MEIOS PROTETIVOS \u00c0 SA\u00daDE MENTAL DOS TRABALHADORES RURAIS"},"content":{"rendered":"\n<h2 class=\"wp-block-heading\">COLE\u00c7\u00c3O DIREITO MATERIAL E PROCESSUAL DO TRABALHO CONSTITUCIONALIZADOS <br>MEIO AMBIENTE DO TRABALHO <br>VOLUME III<\/h2>\n\n\n\n<figure class=\"wp-block-image size-large is-resized\"><img fetchpriority=\"high\" decoding=\"async\" width=\"724\" height=\"1024\" src=\"https:\/\/gpmat-ufmt.com.br\/wp-content\/uploads\/2024\/08\/ce76fa1f-9ddf-4470-b0d6-f2bd0ffda7f9_page-0001-724x1024.jpg\" alt=\"\" class=\"wp-image-3482\" style=\"width:371px;height:auto\" srcset=\"https:\/\/gpmat-ufmt.com.br\/wp-content\/uploads\/2024\/08\/ce76fa1f-9ddf-4470-b0d6-f2bd0ffda7f9_page-0001-724x1024.jpg 724w, https:\/\/gpmat-ufmt.com.br\/wp-content\/uploads\/2024\/08\/ce76fa1f-9ddf-4470-b0d6-f2bd0ffda7f9_page-0001-212x300.jpg 212w, https:\/\/gpmat-ufmt.com.br\/wp-content\/uploads\/2024\/08\/ce76fa1f-9ddf-4470-b0d6-f2bd0ffda7f9_page-0001-768x1087.jpg 768w, https:\/\/gpmat-ufmt.com.br\/wp-content\/uploads\/2024\/08\/ce76fa1f-9ddf-4470-b0d6-f2bd0ffda7f9_page-0001-1085x1536.jpg 1085w, https:\/\/gpmat-ufmt.com.br\/wp-content\/uploads\/2024\/08\/ce76fa1f-9ddf-4470-b0d6-f2bd0ffda7f9_page-0001-1000x1415.jpg 1000w, https:\/\/gpmat-ufmt.com.br\/wp-content\/uploads\/2024\/08\/ce76fa1f-9ddf-4470-b0d6-f2bd0ffda7f9_page-0001-500x708.jpg 500w, https:\/\/gpmat-ufmt.com.br\/wp-content\/uploads\/2024\/08\/ce76fa1f-9ddf-4470-b0d6-f2bd0ffda7f9_page-0001.jpg 1240w\" sizes=\"(max-width: 724px) 100vw, 724px\" \/><\/figure>\n\n\n\n<h2 class=\"wp-block-heading\">RESUMO:<\/h2>\n\n\n\n<p class=\"has-medium-font-size\">O direito \u00e0 sa\u00fade mental, como componente do direito \u00e0 sa\u00fade, \u00e9 assegurado a todos e positivado tanto no \u00e2mbito da Constitui\u00e7\u00e3o Federal e legisla\u00e7\u00e3o nacional quanto em documentos internacionais. O arcabou\u00e7o legislativo acaba sendo mais bem guarnecido de instrumentos protetivos quando o sujeito desse direito \u00e9 o trabalhador. Isso porque o respons\u00e1vel por sua tutela n\u00e3o \u00e9 apenas o Estado, mas tamb\u00e9m o seu empregador. Ocorre que, apesar de todo o aparato normativo de prote\u00e7\u00e3o, o direito \u00e0 sa\u00fade do trabalhador vem sendo mitigado e desrespeitado cada vez mais, em especial quando se trata da sa\u00fade mental. Um dos fatores que colocam em risco a sa\u00fade mental de toda a popula\u00e7\u00e3o e, principalmente, dos trabalhadores, por deterem contato cont\u00ednuo e rotineiro, \u00e9 o uso dos agrot\u00f3xicos. Dessa forma, esta pesquisa tem por objetivo analisar estudos que constataram como essas subst\u00e2ncias atuam na seara ps\u00edquica do trabalhador e verificar como os princ\u00edpios de resguardo de conduta &#8211; quais sejam: da preven\u00e7\u00e3o e da precau\u00e7\u00e3o &#8211; podem contribuir para o reequil\u00edbrio desse meio ambiente do trabalho, constitucionalmente protegido. Para tanto, a metodologia utilizado foi, em rela\u00e7\u00e3o ao m\u00e9todo de procedimento, a pesquisa bibliogr\u00e1fica e documental; quanto \u00e0 organiza\u00e7\u00e3o de racioc\u00ednio, utilizou-se o m\u00e9todo dedutivo. Obteve-se como resultado que determinados agrot\u00f3xicos atuam diretamente nos sistemas respons\u00e1veis pela higidez mental dos humanos, podendo causar uma s\u00e9rie de doen\u00e7as, como depress\u00e3o, ansiedade e esquizofrenia, e que a aplica\u00e7\u00e3o dos princ\u00edpios da precau\u00e7\u00e3o e da preven\u00e7\u00e3o \u00e9 meio apto a contribuir com a melhora desse preocupante problema.<\/p>\n\n\n\n<p class=\"has-medium-font-size\"><strong>Palavras-chave:<\/strong> Sa\u00fade mental. Agrot\u00f3xicos. Trabalhador rural. Princ\u00edpio da precau\u00e7\u00e3o. Princ\u00edpio da preven\u00e7\u00e3o.<\/p>\n\n\n\n<p class=\"has-text-align-right has-medium-font-size\"><em>Carla Reita Faria Leal <br>Sabrina Ripoli Bianchi<\/em><\/p>\n\n\n\n<p class=\"has-text-align-center has-medium-font-size\"><mark style=\"background-color:#fcb900\" class=\"has-inline-color\"><a href=\"http:\/\/gpmat-ufmt.com.br\/wp-content\/uploads\/2024\/08\/Capitulo-de-Livro-Os-principios-de-Resguardo-de-Conduta-como-meios-protetivos-a-saude-mental-dos-trabalhadores-2021.pdf\" data-type=\"link\" data-id=\"http:\/\/gpmat-ufmt.com.br\/wp-content\/uploads\/2024\/08\/A-promocao-sustentabilidade-como-resposta-aos-impactos-do-Coronavirus-no-meio-ambiente-do-trabalho.pdf\">Link para baixar cap\u00edtulo completo.<\/a><\/mark><\/p>\n","protected":false},"excerpt":{"rendered":"<p>COLE\u00c7\u00c3O DIREITO MATERIAL E PROCESSUAL DO TRABALHO CONSTITUCIONALIZADOS MEIO AMBIENTE DO TRABALHO VOLUME III RESUMO: O direito \u00e0 sa\u00fade mental, como componente do direito \u00e0 sa\u00fade, \u00e9 assegurado a todos e positivado tanto no \u00e2mbito da Constitui\u00e7\u00e3o Federal e legisla\u00e7\u00e3o nacional quanto em documentos internacionais. O arcabou\u00e7o legislativo acaba sendo mais bem guarnecido de instrumentos&#8230; <span class=\"more\"><a class=\"more-link\" href=\"https:\/\/gpmat-ufmt.com.br\/index.php\/2024\/08\/27\/os-principios-de-resguardo-de-conduta-como-meios-protetivos-a-saude-mental-dos-trabalhadores-rurais\/\">Continue reading <span class=\"meta-nav\">&#8594;<\/span><\/a><\/span><\/p>\n","protected":false},"author":4,"featured_media":3185,"comment_status":"open","ping_status":"open","sticky":false,"template":"","format":"standard","meta":{"_editorskit_title_hidden":false,"_editorskit_reading_time":0,"_editorskit_is_block_options_detached":false,"_editorskit_block_options_position":"{}","footnotes":""},"categories":[74],"tags":[121,123,99,120,122],"_links":{"self":[{"href":"https:\/\/gpmat-ufmt.com.br\/index.php\/wp-json\/wp\/v2\/posts\/3481"}],"collection":[{"href":"https:\/\/gpmat-ufmt.com.br\/index.php\/wp-json\/wp\/v2\/posts"}],"about":[{"href":"https:\/\/gpmat-ufmt.com.br\/index.php\/wp-json\/wp\/v2\/types\/post"}],"author":[{"embeddable":true,"href":"https:\/\/gpmat-ufmt.com.br\/index.php\/wp-json\/wp\/v2\/users\/4"}],"replies":[{"embeddable":true,"href":"https:\/\/gpmat-ufmt.com.br\/index.php\/wp-json\/wp\/v2\/comments?post=3481"}],"version-history":[{"count":1,"href":"https:\/\/gpmat-ufmt.com.br\/index.php\/wp-json\/wp\/v2\/posts\/3481\/revisions"}],"predecessor-version":[{"id":3484,"href":"https:\/\/gpmat-ufmt.com.br\/index.php\/wp-json\/wp\/v2\/posts\/3481\/revisions\/3484"}],"wp:featuredmedia":[{"embeddable":true,"href":"https:\/\/gpmat-ufmt.com.br\/index.php\/wp-json\/wp\/v2\/media\/3185"}],"wp:attachment":[{"href":"https:\/\/gpmat-ufmt.com.br\/index.php\/wp-json\/wp\/v2\/media?parent=3481"}],"wp:term":[{"taxonomy":"category","embeddable":true,"href":"https:\/\/gpmat-ufmt.com.br\/index.php\/wp-json\/wp\/v2\/categories?post=3481"},{"taxonomy":"post_tag","embeddable":true,"href":"https:\/\/gpmat-ufmt.com.br\/index.php\/wp-json\/wp\/v2\/tags?post=3481"}],"curies":[{"name":"wp","href":"https:\/\/api.w.org\/{rel}","templated":true}]}}