{"id":3465,"date":"2024-08-25T23:30:10","date_gmt":"2024-08-26T02:30:10","guid":{"rendered":"https:\/\/gpmat-ufmt.com.br\/?p=3465"},"modified":"2024-08-26T12:56:34","modified_gmt":"2024-08-26T15:56:34","slug":"uma-analise-jurisprudencial-acerca-da-violacao-ao-direito-a-desconexao-nos-tribunais-trabalhistas-brasileiros-2","status":"publish","type":"post","link":"https:\/\/gpmat-ufmt.com.br\/index.php\/2024\/08\/25\/uma-analise-jurisprudencial-acerca-da-violacao-ao-direito-a-desconexao-nos-tribunais-trabalhistas-brasileiros-2\/","title":{"rendered":"UMA AN\u00c1LISE JURISPRUDENCIAL ACERCA DA VIOLA\u00c7\u00c3O AO DIREITO \u00c0 DESCONEX\u00c3O NOS TRIBUNAIS TRABALHISTAS BRASILEIROS"},"content":{"rendered":"\n<h2 class=\"wp-block-heading\">DIREITO FUNDAMENTAL AO TRABALHO <br>O Valor Social do Trabalho Inserido no Contexto da Sociedade 4.0<br>VOLUME II<\/h2>\n\n\n\n<figure class=\"wp-block-image size-large is-resized\"><img fetchpriority=\"high\" decoding=\"async\" width=\"724\" height=\"1024\" src=\"https:\/\/gpmat-ufmt.com.br\/wp-content\/uploads\/2024\/08\/3f01fa58-c3a4-458a-8a54-02e3356cfb8f_page-0001-724x1024.jpg\" alt=\"\" class=\"wp-image-3466\" style=\"width:329px;height:auto\" srcset=\"https:\/\/gpmat-ufmt.com.br\/wp-content\/uploads\/2024\/08\/3f01fa58-c3a4-458a-8a54-02e3356cfb8f_page-0001-724x1024.jpg 724w, https:\/\/gpmat-ufmt.com.br\/wp-content\/uploads\/2024\/08\/3f01fa58-c3a4-458a-8a54-02e3356cfb8f_page-0001-212x300.jpg 212w, https:\/\/gpmat-ufmt.com.br\/wp-content\/uploads\/2024\/08\/3f01fa58-c3a4-458a-8a54-02e3356cfb8f_page-0001-768x1087.jpg 768w, https:\/\/gpmat-ufmt.com.br\/wp-content\/uploads\/2024\/08\/3f01fa58-c3a4-458a-8a54-02e3356cfb8f_page-0001-1085x1536.jpg 1085w, https:\/\/gpmat-ufmt.com.br\/wp-content\/uploads\/2024\/08\/3f01fa58-c3a4-458a-8a54-02e3356cfb8f_page-0001-1000x1415.jpg 1000w, https:\/\/gpmat-ufmt.com.br\/wp-content\/uploads\/2024\/08\/3f01fa58-c3a4-458a-8a54-02e3356cfb8f_page-0001-500x708.jpg 500w, https:\/\/gpmat-ufmt.com.br\/wp-content\/uploads\/2024\/08\/3f01fa58-c3a4-458a-8a54-02e3356cfb8f_page-0001.jpg 1240w\" sizes=\"(max-width: 724px) 100vw, 724px\" \/><\/figure>\n\n\n\n<h2 class=\"wp-block-heading\">RESUMO:<\/h2>\n\n\n\n<p class=\"has-medium-font-size\">A limita\u00e7\u00e3o da jornada de trabalho visa \u00e0 garantia da sa\u00fade e da seguran\u00e7a dos empregados celetistas, assegurando-lhes uma vida digna, motivo pelo qual a realiza\u00e7\u00e3o de jornada de trabalho para al\u00e9m do limite legal pode gerar ao empregador consequ\u00eancias que ultrapassam o mero pagamento de horas extraordin\u00e1rias, sendo uma das possibilidades o surgimento da obriga\u00e7\u00e3o de pagar indeniza\u00e7\u00e3o por danos extrapatrimoniais, isso caso haja a viola\u00e7\u00e3o do direito \u00e0 desconex\u00e3o. Objetiva-se, utilizando-se do m\u00e9todo dedutivo e de t\u00e9cnicas de pesquisa bibliogr\u00e1fica e documental, investigar de que forma os tribunais trabalhistas brasileiros t\u00eam se posicionado acerca do direito \u00e0 desconex\u00e3o dos trabalhadores. Muito embora j\u00e1 haja o reconhecimento na doutrina, e recentemente no texto da Consolida\u00e7\u00e3o das Leis do Trabalho, no tocante \u00e0 exist\u00eancia do dano extrapatrimonial, a an\u00e1lise jurisprudencial deixou evidenciado que os tribunais, em especial o Tribunal Superior do Trabalho, ainda n\u00e3o se posicionam de maneira uniforme acerca do reconhecimento do mencionado instituto e, consequentemente, divergem acerca da possibilidade de condena\u00e7\u00e3o no pagamento de indeniza\u00e7\u00e3o por dano existencial na hip\u00f3tese de supress\u00e3o do direito \u00e0 desconex\u00e3o.<\/p>\n\n\n\n<p class=\"has-medium-font-size\"><strong>Palavras-chave:<\/strong> Direito \u00e0 desconex\u00e3o. Dano existencial. Jurisprud\u00eancia trabalhista. <\/p>\n\n\n\n<p class=\"has-text-align-right has-medium-font-size\"><em>Carla Reita Faria Leal<br>Fernanda Brand\u00e3o Can\u00e7ado<\/em><\/p>\n\n\n\n<p class=\"has-text-align-center has-medium-font-size\"><mark style=\"background-color:#fcb900\" class=\"has-inline-color\"><a href=\"http:\/\/gpmat-ufmt.com.br\/wp-content\/uploads\/2024\/08\/Uma-analise-jurisprudencial-acerca-da-violacao-ao-direito-a-desconexao-nos-tribunais.pdf\" data-type=\"link\" data-id=\"http:\/\/gpmat-ufmt.com.br\/wp-content\/uploads\/2024\/08\/A-promocao-sustentabilidade-como-resposta-aos-impactos-do-Coronavirus-no-meio-ambiente-do-trabalho.pdf\">Link para baixar cap\u00edtulo completo.<\/a><\/mark><\/p>\n","protected":false},"excerpt":{"rendered":"<p>DIREITO FUNDAMENTAL AO TRABALHO O Valor Social do Trabalho Inserido no Contexto da Sociedade 4.0VOLUME II RESUMO: A limita\u00e7\u00e3o da jornada de trabalho visa \u00e0 garantia da sa\u00fade e da seguran\u00e7a dos empregados celetistas, assegurando-lhes uma vida digna, motivo pelo qual a realiza\u00e7\u00e3o de jornada de trabalho para al\u00e9m do limite legal pode gerar ao&#8230; <span class=\"more\"><a class=\"more-link\" href=\"https:\/\/gpmat-ufmt.com.br\/index.php\/2024\/08\/25\/uma-analise-jurisprudencial-acerca-da-violacao-ao-direito-a-desconexao-nos-tribunais-trabalhistas-brasileiros-2\/\">Continue reading <span class=\"meta-nav\">&#8594;<\/span><\/a><\/span><\/p>\n","protected":false},"author":4,"featured_media":3185,"comment_status":"open","ping_status":"open","sticky":false,"template":"","format":"standard","meta":{"_editorskit_title_hidden":false,"_editorskit_reading_time":0,"_editorskit_is_block_options_detached":false,"_editorskit_block_options_position":"{}","footnotes":""},"categories":[74],"tags":[93,92,119],"_links":{"self":[{"href":"https:\/\/gpmat-ufmt.com.br\/index.php\/wp-json\/wp\/v2\/posts\/3465"}],"collection":[{"href":"https:\/\/gpmat-ufmt.com.br\/index.php\/wp-json\/wp\/v2\/posts"}],"about":[{"href":"https:\/\/gpmat-ufmt.com.br\/index.php\/wp-json\/wp\/v2\/types\/post"}],"author":[{"embeddable":true,"href":"https:\/\/gpmat-ufmt.com.br\/index.php\/wp-json\/wp\/v2\/users\/4"}],"replies":[{"embeddable":true,"href":"https:\/\/gpmat-ufmt.com.br\/index.php\/wp-json\/wp\/v2\/comments?post=3465"}],"version-history":[{"count":1,"href":"https:\/\/gpmat-ufmt.com.br\/index.php\/wp-json\/wp\/v2\/posts\/3465\/revisions"}],"predecessor-version":[{"id":3468,"href":"https:\/\/gpmat-ufmt.com.br\/index.php\/wp-json\/wp\/v2\/posts\/3465\/revisions\/3468"}],"wp:featuredmedia":[{"embeddable":true,"href":"https:\/\/gpmat-ufmt.com.br\/index.php\/wp-json\/wp\/v2\/media\/3185"}],"wp:attachment":[{"href":"https:\/\/gpmat-ufmt.com.br\/index.php\/wp-json\/wp\/v2\/media?parent=3465"}],"wp:term":[{"taxonomy":"category","embeddable":true,"href":"https:\/\/gpmat-ufmt.com.br\/index.php\/wp-json\/wp\/v2\/categories?post=3465"},{"taxonomy":"post_tag","embeddable":true,"href":"https:\/\/gpmat-ufmt.com.br\/index.php\/wp-json\/wp\/v2\/tags?post=3465"}],"curies":[{"name":"wp","href":"https:\/\/api.w.org\/{rel}","templated":true}]}}