{"id":3462,"date":"2024-08-25T23:22:33","date_gmt":"2024-08-26T02:22:33","guid":{"rendered":"https:\/\/gpmat-ufmt.com.br\/?p=3462"},"modified":"2024-09-05T22:56:14","modified_gmt":"2024-09-06T01:56:14","slug":"o-meio-ambiente-do-trabalho-e-a-reforma-trabalhista-sob-a-otica-do-principio-da-vedacao-do-retrocesso-ambiental","status":"publish","type":"post","link":"https:\/\/gpmat-ufmt.com.br\/index.php\/2024\/08\/25\/o-meio-ambiente-do-trabalho-e-a-reforma-trabalhista-sob-a-otica-do-principio-da-vedacao-do-retrocesso-ambiental\/","title":{"rendered":"O MEIO AMBIENTE DO TRABALHO E A REFORMA TRABALHISTA SOB A \u00d3TICA DO PRINC\u00cdPIO DA VEDA\u00c7\u00c3O DO RETROCESSO AMBIENTAL"},"content":{"rendered":"\n<h2 class=\"wp-block-heading\">REVISTA DO DEPARTAMENTO DE DIREITO DO TRABALHO E DA SEGURIDADE SOCIAL<br>Faculdade de Direito da USP<\/h2>\n\n\n\n<figure class=\"wp-block-image size-large is-resized\"><img fetchpriority=\"high\" decoding=\"async\" width=\"797\" height=\"1024\" src=\"http:\/\/gpmat-ufmt.com.br\/wp-content\/uploads\/2024\/08\/Revista-DTBs-2019.indb-A-criacao-de-selos-sociais-como-mecanismos-de-combate-ao-trabalho-escravo_page-0001-797x1024.jpg\" alt=\"\" class=\"wp-image-3336\" style=\"width:256px;height:auto\" srcset=\"https:\/\/gpmat-ufmt.com.br\/wp-content\/uploads\/2024\/08\/Revista-DTBs-2019.indb-A-criacao-de-selos-sociais-como-mecanismos-de-combate-ao-trabalho-escravo_page-0001-797x1024.jpg 797w, https:\/\/gpmat-ufmt.com.br\/wp-content\/uploads\/2024\/08\/Revista-DTBs-2019.indb-A-criacao-de-selos-sociais-como-mecanismos-de-combate-ao-trabalho-escravo_page-0001-233x300.jpg 233w, https:\/\/gpmat-ufmt.com.br\/wp-content\/uploads\/2024\/08\/Revista-DTBs-2019.indb-A-criacao-de-selos-sociais-como-mecanismos-de-combate-ao-trabalho-escravo_page-0001-768x987.jpg 768w, https:\/\/gpmat-ufmt.com.br\/wp-content\/uploads\/2024\/08\/Revista-DTBs-2019.indb-A-criacao-de-selos-sociais-como-mecanismos-de-combate-ao-trabalho-escravo_page-0001-1195x1536.jpg 1195w, https:\/\/gpmat-ufmt.com.br\/wp-content\/uploads\/2024\/08\/Revista-DTBs-2019.indb-A-criacao-de-selos-sociais-como-mecanismos-de-combate-ao-trabalho-escravo_page-0001-1000x1285.jpg 1000w, https:\/\/gpmat-ufmt.com.br\/wp-content\/uploads\/2024\/08\/Revista-DTBs-2019.indb-A-criacao-de-selos-sociais-como-mecanismos-de-combate-ao-trabalho-escravo_page-0001-500x643.jpg 500w, https:\/\/gpmat-ufmt.com.br\/wp-content\/uploads\/2024\/08\/Revista-DTBs-2019.indb-A-criacao-de-selos-sociais-como-mecanismos-de-combate-ao-trabalho-escravo_page-0001.jpg 1240w\" sizes=\"(max-width: 797px) 100vw, 797px\" \/><\/figure>\n\n\n\n<h2 class=\"wp-block-heading\">RESUMO:<\/h2>\n\n\n\n<p class=\"has-medium-font-size\">A reforma trabalhista, que entrou em vigor no Brasil em 2017, alterou substancialmente a Consolida\u00e7\u00e3o das Leis do Trabalho tanto na parte do direito material quanto do direito processual. O presente artigo tem a finalidade de abordar as mudan\u00e7as que dizem respeito \u00e0s normas referentes ao meio ambiente do trabalho, sob a perspectiva do princ\u00edpio da veda\u00e7\u00e3o do retrocesso ambiental. Para tanto, o estudo foi realizado com a utiliza\u00e7\u00e3o do m\u00e9todo dedutivo e pesquisa bibliogr\u00e1fica e documental, tendo sido consultadas a doutrina nacional, a jurisprud\u00eancia dos tribunais superiores p\u00e1trios e a legisla\u00e7\u00e3o brasileira e internacional sobre o assunto. Ao final do trabalho chegou-se \u00e0 conclus\u00e3o de que as regras investigadas suprimiram direitos fundamentais ambientais dos trabalhadores e, portanto, violaram o princ\u00edpio da proibi\u00e7\u00e3o do retrocesso ambiental, resultando em sua inconstitucionalidade.<\/p>\n\n\n\n<p class=\"has-medium-font-size\"><strong>Palavras-chave: <\/strong>Reforma Trabalhista. Meio Ambiente do Trabalho. Princ\u00edpio da Proibi\u00e7\u00e3o do Retrocesso Ambiental. Inconstitucionalidade.<\/p>\n\n\n\n<p class=\"has-text-align-right has-medium-font-size\"><em>Ana Paula Marques Andrade<br>Carla Reita Faria Leal<\/em><\/p>\n\n\n\n<p class=\"has-text-align-center has-medium-font-size\"><mark style=\"background-color:#fcb900\" class=\"has-inline-color\"><a href=\"http:\/\/gpmat-ufmt.com.br\/wp-content\/uploads\/2024\/08\/Revista-DTB-2020.pdf\" data-type=\"link\" data-id=\"http:\/\/gpmat-ufmt.com.br\/wp-content\/uploads\/2024\/08\/A-promocao-sustentabilidade-como-resposta-aos-impactos-do-Coronavirus-no-meio-ambiente-do-trabalho.pdf\">Link para baixar cap\u00edtulo completo.<\/a><\/mark><\/p>\n","protected":false},"excerpt":{"rendered":"<p>REVISTA DO DEPARTAMENTO DE DIREITO DO TRABALHO E DA SEGURIDADE SOCIALFaculdade de Direito da USP RESUMO: A reforma trabalhista, que entrou em vigor no Brasil em 2017, alterou substancialmente a Consolida\u00e7\u00e3o das Leis do Trabalho tanto na parte do direito material quanto do direito processual. O presente artigo tem a finalidade de abordar as mudan\u00e7as&#8230; <span class=\"more\"><a class=\"more-link\" href=\"https:\/\/gpmat-ufmt.com.br\/index.php\/2024\/08\/25\/o-meio-ambiente-do-trabalho-e-a-reforma-trabalhista-sob-a-otica-do-principio-da-vedacao-do-retrocesso-ambiental\/\">Continue reading <span class=\"meta-nav\">&#8594;<\/span><\/a><\/span><\/p>\n","protected":false},"author":4,"featured_media":3189,"comment_status":"open","ping_status":"open","sticky":false,"template":"","format":"standard","meta":{"_editorskit_title_hidden":false,"_editorskit_reading_time":0,"_editorskit_is_block_options_detached":false,"_editorskit_block_options_position":"{}","footnotes":""},"categories":[74],"tags":[118,95,117,116],"_links":{"self":[{"href":"https:\/\/gpmat-ufmt.com.br\/index.php\/wp-json\/wp\/v2\/posts\/3462"}],"collection":[{"href":"https:\/\/gpmat-ufmt.com.br\/index.php\/wp-json\/wp\/v2\/posts"}],"about":[{"href":"https:\/\/gpmat-ufmt.com.br\/index.php\/wp-json\/wp\/v2\/types\/post"}],"author":[{"embeddable":true,"href":"https:\/\/gpmat-ufmt.com.br\/index.php\/wp-json\/wp\/v2\/users\/4"}],"replies":[{"embeddable":true,"href":"https:\/\/gpmat-ufmt.com.br\/index.php\/wp-json\/wp\/v2\/comments?post=3462"}],"version-history":[{"count":2,"href":"https:\/\/gpmat-ufmt.com.br\/index.php\/wp-json\/wp\/v2\/posts\/3462\/revisions"}],"predecessor-version":[{"id":3553,"href":"https:\/\/gpmat-ufmt.com.br\/index.php\/wp-json\/wp\/v2\/posts\/3462\/revisions\/3553"}],"wp:featuredmedia":[{"embeddable":true,"href":"https:\/\/gpmat-ufmt.com.br\/index.php\/wp-json\/wp\/v2\/media\/3189"}],"wp:attachment":[{"href":"https:\/\/gpmat-ufmt.com.br\/index.php\/wp-json\/wp\/v2\/media?parent=3462"}],"wp:term":[{"taxonomy":"category","embeddable":true,"href":"https:\/\/gpmat-ufmt.com.br\/index.php\/wp-json\/wp\/v2\/categories?post=3462"},{"taxonomy":"post_tag","embeddable":true,"href":"https:\/\/gpmat-ufmt.com.br\/index.php\/wp-json\/wp\/v2\/tags?post=3462"}],"curies":[{"name":"wp","href":"https:\/\/api.w.org\/{rel}","templated":true}]}}