{"id":3458,"date":"2024-08-25T23:15:46","date_gmt":"2024-08-26T02:15:46","guid":{"rendered":"https:\/\/gpmat-ufmt.com.br\/?p=3458"},"modified":"2024-08-27T21:03:47","modified_gmt":"2024-08-28T00:03:47","slug":"o-principio-da-prevencao-e-sua-aplicabilidade-instrumentos-de-combate-as-agressoes-a-saude-do-trabalhador-2","status":"publish","type":"post","link":"https:\/\/gpmat-ufmt.com.br\/index.php\/2024\/08\/25\/o-principio-da-prevencao-e-sua-aplicabilidade-instrumentos-de-combate-as-agressoes-a-saude-do-trabalhador-2\/","title":{"rendered":"O PRINC\u00cdPIO DA PREVEN\u00c7\u00c3O E SUA APLICABILIDADE: Instrumentos de Combate \u00e0s Agress\u00f5es \u00e0 Sa\u00fade do Trabalhador"},"content":{"rendered":"\n<h2 class=\"wp-block-heading\">RESUMO:<\/h2>\n\n\n\n<p class=\"has-medium-font-size\">O presente artigo visa analisar o princ\u00edpio da preven\u00e7\u00e3o e sua aplicabilidade atrav\u00e9s dos instrumentos de combate \u00e0 precariza\u00e7\u00e3o do trabalho e \u00e0s consequ\u00eancias desta para a sa\u00fade do obreiro. Tem-se por objeto da pesquisa a demonstra\u00e7\u00e3o da essencialidade do referido princ\u00edpio &#8211; norteador do direito ambiental, que intende prevenir um dano conhecido por j\u00e1 ser cientificamente comprovado &#8211; para a garantia do direito de laborar em um meio equilibrado que assegure o bem-estar dos obreiros, algo fundamental, vez que a pr\u00f3pria Constitui\u00e7\u00e3o Federal reconhece ser direito dos trabalhadores a redu\u00e7\u00e3o dos riscos inerentes ao trabalho. Isso \u00e9 dado por meio dos objetivos tra\u00e7ados que visam conceituar o princ\u00edpio da preven\u00e7\u00e3o e analisar a sua aplicabilidade a partir de instrumentos preventivos destinados a garantir uma vida digna ao ser humano, tendo como base um meio ambiente de trabalho h\u00edgido e seguro. Para a constru\u00e7\u00e3o do presente artigo, \u00e9 utilizada uma abordagem hipot\u00e9tico-dedutiva consubstanciada em um procedimento de pesquisa bibliogr\u00e1fica e documental. Ao final, conclui-se que as ferramentas dispon\u00edveis, quando devidamente aplicadas, previnem os trabalhadores das consequ\u00eancias de um ambiente laboral degradante e insalubre, mas, para tanto, \u00e9 necess\u00e1ria a sua aplica\u00e7\u00e3o de forma interligada e n\u00e3o isolada cada instituto.<\/p>\n\n\n\n<p class=\"has-medium-font-size\"><strong>Palavras-chave: <\/strong>Princ\u00edpio da preven\u00e7\u00e3o. Sa\u00fade do trabalhador. Instrumentos prevencionistas.<\/p>\n\n\n\n<p class=\"has-text-align-right has-medium-font-size\"><em>Gabriela de Andrade Nogueira Gon\u00e7alves<br>Carla Reita Faria Leal<\/em><\/p>\n\n\n\n<div data-client-id=\"e44d25a3e20c4795b7c74941d70bfd71\" id=\"pdf-1\" class=\"wp-block-tropicalista-pdfembed\" style=\"height:500px\" data-api-key=\"\" data-file-name=\"O-PRINCIPIO-DA-PREVENCAO-E-SUA-APLICABILIDADEINSTRUMENTOS-DE-COMBATE-AS-AGRESSOES-A-SAUDE-DO-TRABALHADOR-1\" data-media-url=\"https:\/\/gpmat-ufmt.com.br\/wp-content\/uploads\/2024\/08\/O-PRINCIPIO-DA-PREVENCAO-E-SUA-APLICABILIDADEINSTRUMENTOS-DE-COMBATE-AS-AGRESSOES-A-SAUDE-DO-TRABALHADOR-1.pdf\" data-show-download-pdf=\"true\" data-show-print-pdf=\"true\" data-show-page-controls=\"true\" data-show-thumbnails=\"true\" data-show-bookmarks=\"true\" data-show-zoom-control=\"true\" data-show-full-screen=\"true\" data-default-view-mode=\"FIT_PAGE\" data-show-annotation-tools=\"true\" data-enable-form-filling=\"true\"><\/div>\n","protected":false},"excerpt":{"rendered":"<p>RESUMO: O presente artigo visa analisar o princ\u00edpio da preven\u00e7\u00e3o e sua aplicabilidade atrav\u00e9s dos instrumentos de combate \u00e0 precariza\u00e7\u00e3o do trabalho e \u00e0s consequ\u00eancias desta para a sa\u00fade do obreiro. Tem-se por objeto da pesquisa a demonstra\u00e7\u00e3o da essencialidade do referido princ\u00edpio &#8211; norteador do direito ambiental, que intende prevenir um dano conhecido por&#8230; <span class=\"more\"><a class=\"more-link\" href=\"https:\/\/gpmat-ufmt.com.br\/index.php\/2024\/08\/25\/o-principio-da-prevencao-e-sua-aplicabilidade-instrumentos-de-combate-as-agressoes-a-saude-do-trabalhador-2\/\">Continue reading <span class=\"meta-nav\">&#8594;<\/span><\/a><\/span><\/p>\n","protected":false},"author":4,"featured_media":3339,"comment_status":"open","ping_status":"open","sticky":false,"template":"","format":"standard","meta":{"_editorskit_title_hidden":false,"_editorskit_reading_time":0,"_editorskit_is_block_options_detached":false,"_editorskit_block_options_position":"{}","footnotes":""},"categories":[74],"tags":[101,99,100],"_links":{"self":[{"href":"https:\/\/gpmat-ufmt.com.br\/index.php\/wp-json\/wp\/v2\/posts\/3458"}],"collection":[{"href":"https:\/\/gpmat-ufmt.com.br\/index.php\/wp-json\/wp\/v2\/posts"}],"about":[{"href":"https:\/\/gpmat-ufmt.com.br\/index.php\/wp-json\/wp\/v2\/types\/post"}],"author":[{"embeddable":true,"href":"https:\/\/gpmat-ufmt.com.br\/index.php\/wp-json\/wp\/v2\/users\/4"}],"replies":[{"embeddable":true,"href":"https:\/\/gpmat-ufmt.com.br\/index.php\/wp-json\/wp\/v2\/comments?post=3458"}],"version-history":[{"count":1,"href":"https:\/\/gpmat-ufmt.com.br\/index.php\/wp-json\/wp\/v2\/posts\/3458\/revisions"}],"predecessor-version":[{"id":3461,"href":"https:\/\/gpmat-ufmt.com.br\/index.php\/wp-json\/wp\/v2\/posts\/3458\/revisions\/3461"}],"wp:featuredmedia":[{"embeddable":true,"href":"https:\/\/gpmat-ufmt.com.br\/index.php\/wp-json\/wp\/v2\/media\/3339"}],"wp:attachment":[{"href":"https:\/\/gpmat-ufmt.com.br\/index.php\/wp-json\/wp\/v2\/media?parent=3458"}],"wp:term":[{"taxonomy":"category","embeddable":true,"href":"https:\/\/gpmat-ufmt.com.br\/index.php\/wp-json\/wp\/v2\/categories?post=3458"},{"taxonomy":"post_tag","embeddable":true,"href":"https:\/\/gpmat-ufmt.com.br\/index.php\/wp-json\/wp\/v2\/tags?post=3458"}],"curies":[{"name":"wp","href":"https:\/\/api.w.org\/{rel}","templated":true}]}}