{"id":3450,"date":"2024-08-25T22:42:24","date_gmt":"2024-08-26T01:42:24","guid":{"rendered":"https:\/\/gpmat-ufmt.com.br\/?p=3450"},"modified":"2024-08-27T21:03:56","modified_gmt":"2024-08-28T00:03:56","slug":"o-direito-a-identidade-de-genero-e-politicas-publicas-detrabalho-pela-garantia-do-minimo-existencial-para-a-populacao-trans-no-brasil","status":"publish","type":"post","link":"https:\/\/gpmat-ufmt.com.br\/index.php\/2024\/08\/25\/o-direito-a-identidade-de-genero-e-politicas-publicas-detrabalho-pela-garantia-do-minimo-existencial-para-a-populacao-trans-no-brasil\/","title":{"rendered":"O DIREITO \u00c0 IDENTIDADE DE G\u00caNERO E POL\u00cdTICAS P\u00daBLICAS DETRABALHO: PELA GARANTIA DO M\u00cdNIMO EXISTENCIAL PARA A POPULA\u00c7\u00c3O TRANS NO BRASIL"},"content":{"rendered":"\n<h2 class=\"wp-block-heading\">REVISTA BRASILEIRA DE ESTUDOS JUR\u00cdDICOS <br>Volume 15<\/h2>\n\n\n\n<figure class=\"wp-block-image size-large is-resized\"><img fetchpriority=\"high\" decoding=\"async\" width=\"725\" height=\"1024\" src=\"https:\/\/gpmat-ufmt.com.br\/wp-content\/uploads\/2024\/08\/695b0743-8e28-4189-b0d5-378352430e54_page-0001-725x1024.jpg\" alt=\"\" class=\"wp-image-3452\" style=\"width:364px;height:auto\" srcset=\"https:\/\/gpmat-ufmt.com.br\/wp-content\/uploads\/2024\/08\/695b0743-8e28-4189-b0d5-378352430e54_page-0001-725x1024.jpg 725w, https:\/\/gpmat-ufmt.com.br\/wp-content\/uploads\/2024\/08\/695b0743-8e28-4189-b0d5-378352430e54_page-0001-212x300.jpg 212w, https:\/\/gpmat-ufmt.com.br\/wp-content\/uploads\/2024\/08\/695b0743-8e28-4189-b0d5-378352430e54_page-0001-768x1085.jpg 768w, https:\/\/gpmat-ufmt.com.br\/wp-content\/uploads\/2024\/08\/695b0743-8e28-4189-b0d5-378352430e54_page-0001-1087x1536.jpg 1087w, https:\/\/gpmat-ufmt.com.br\/wp-content\/uploads\/2024\/08\/695b0743-8e28-4189-b0d5-378352430e54_page-0001-1000x1413.jpg 1000w, https:\/\/gpmat-ufmt.com.br\/wp-content\/uploads\/2024\/08\/695b0743-8e28-4189-b0d5-378352430e54_page-0001-500x707.jpg 500w, https:\/\/gpmat-ufmt.com.br\/wp-content\/uploads\/2024\/08\/695b0743-8e28-4189-b0d5-378352430e54_page-0001.jpg 1241w\" sizes=\"(max-width: 725px) 100vw, 725px\" \/><\/figure>\n\n\n\n<h2 class=\"wp-block-heading\">RESUMO:<\/h2>\n\n\n\n<p class=\"has-medium-font-size\">O estudofaza an\u00e1lise de propostas legislativas, pol\u00edticas p\u00fablicas e decis\u00e3o judicial com o objetivo de avaliar os percursos do direito \u00e0 identidade de g\u00eanero e das pol\u00edticas de trabalho para a popula\u00e7\u00e3o trans no Brasil. Para tanto, utiliza-se de pesquisa qualitativa e do<br>m\u00e9todo de abordagem hipot\u00e9tico-dedutivo. A pesquisa identificou que as pol\u00edticas p\u00fablicas de<br>trabalho s\u00e3o marcadas por fragilidades, enquanto que o direito \u00e0 identidade de g\u00eanero fora<br>reconhecido por meio da judicializa\u00e7\u00e3o, e ambos contextos se aproximam na medida em que h\u00e1 resist\u00eancias conservadoras da pol\u00edtica majorit\u00e1ria no Poder P\u00fablico. Considerando os dados que demonstram a vulnerabilidade dessa popula\u00e7\u00e3o, conclui-se pela necessidade da garantia do direito fundamental ao m\u00ednimo existencial.<\/p>\n\n\n\n<p class=\"has-medium-font-size\"><strong>Palavras-chave:<\/strong> Identidade de G\u00eanero. Pol\u00edticas P\u00fablicas. Trabalho. Transexualidade. M\u00ednimo<br>existencial.<\/p>\n\n\n\n<p class=\"has-text-align-right has-medium-font-size\"><em>Carla Reita Faria Leal<br>Brendhon Andrade Oliveira<\/em><\/p>\n\n\n\n<p class=\"has-text-align-center has-medium-font-size\"><mark style=\"background-color:#fcb900\" class=\"has-inline-color\"><a href=\"http:\/\/gpmat-ufmt.com.br\/wp-content\/uploads\/2024\/08\/O-DIREITO-A-IDENTIDADE-DE-GENERO-E-POLITICAS.pdf\" data-type=\"link\" data-id=\"http:\/\/gpmat-ufmt.com.br\/wp-content\/uploads\/2024\/08\/A-promocao-sustentabilidade-como-resposta-aos-impactos-do-Coronavirus-no-meio-ambiente-do-trabalho.pdf\">Link para baixar cap\u00edtulo completo.<\/a><\/mark><\/p>\n","protected":false},"excerpt":{"rendered":"<p>REVISTA BRASILEIRA DE ESTUDOS JUR\u00cdDICOS Volume 15 RESUMO: O estudofaza an\u00e1lise de propostas legislativas, pol\u00edticas p\u00fablicas e decis\u00e3o judicial com o objetivo de avaliar os percursos do direito \u00e0 identidade de g\u00eanero e das pol\u00edticas de trabalho para a popula\u00e7\u00e3o trans no Brasil. Para tanto, utiliza-se de pesquisa qualitativa e dom\u00e9todo de abordagem hipot\u00e9tico-dedutivo. A&#8230; <span class=\"more\"><a class=\"more-link\" href=\"https:\/\/gpmat-ufmt.com.br\/index.php\/2024\/08\/25\/o-direito-a-identidade-de-genero-e-politicas-publicas-detrabalho-pela-garantia-do-minimo-existencial-para-a-populacao-trans-no-brasil\/\">Continue reading <span class=\"meta-nav\">&#8594;<\/span><\/a><\/span><\/p>\n","protected":false},"author":4,"featured_media":3189,"comment_status":"open","ping_status":"open","sticky":false,"template":"","format":"standard","meta":{"_editorskit_title_hidden":false,"_editorskit_reading_time":0,"_editorskit_is_block_options_detached":false,"_editorskit_block_options_position":"{}","footnotes":""},"categories":[74],"tags":[112,107,113,114,115],"_links":{"self":[{"href":"https:\/\/gpmat-ufmt.com.br\/index.php\/wp-json\/wp\/v2\/posts\/3450"}],"collection":[{"href":"https:\/\/gpmat-ufmt.com.br\/index.php\/wp-json\/wp\/v2\/posts"}],"about":[{"href":"https:\/\/gpmat-ufmt.com.br\/index.php\/wp-json\/wp\/v2\/types\/post"}],"author":[{"embeddable":true,"href":"https:\/\/gpmat-ufmt.com.br\/index.php\/wp-json\/wp\/v2\/users\/4"}],"replies":[{"embeddable":true,"href":"https:\/\/gpmat-ufmt.com.br\/index.php\/wp-json\/wp\/v2\/comments?post=3450"}],"version-history":[{"count":1,"href":"https:\/\/gpmat-ufmt.com.br\/index.php\/wp-json\/wp\/v2\/posts\/3450\/revisions"}],"predecessor-version":[{"id":3453,"href":"https:\/\/gpmat-ufmt.com.br\/index.php\/wp-json\/wp\/v2\/posts\/3450\/revisions\/3453"}],"wp:featuredmedia":[{"embeddable":true,"href":"https:\/\/gpmat-ufmt.com.br\/index.php\/wp-json\/wp\/v2\/media\/3189"}],"wp:attachment":[{"href":"https:\/\/gpmat-ufmt.com.br\/index.php\/wp-json\/wp\/v2\/media?parent=3450"}],"wp:term":[{"taxonomy":"category","embeddable":true,"href":"https:\/\/gpmat-ufmt.com.br\/index.php\/wp-json\/wp\/v2\/categories?post=3450"},{"taxonomy":"post_tag","embeddable":true,"href":"https:\/\/gpmat-ufmt.com.br\/index.php\/wp-json\/wp\/v2\/tags?post=3450"}],"curies":[{"name":"wp","href":"https:\/\/api.w.org\/{rel}","templated":true}]}}