{"id":3439,"date":"2024-08-21T20:20:56","date_gmt":"2024-08-21T23:20:56","guid":{"rendered":"https:\/\/gpmat-ufmt.com.br\/?p=3439"},"modified":"2024-09-05T22:49:14","modified_gmt":"2024-09-06T01:49:14","slug":"o-principio-da-proibicao-de-retrocesso-socioambiental-uma-incidencia-necessaria-em-materia-do-direito-ambiental-laboral","status":"publish","type":"post","link":"https:\/\/gpmat-ufmt.com.br\/index.php\/2024\/08\/21\/o-principio-da-proibicao-de-retrocesso-socioambiental-uma-incidencia-necessaria-em-materia-do-direito-ambiental-laboral\/","title":{"rendered":"O PRINC\u00cdPIO DA PROIBI\u00c7\u00c3O DE RETROCESSO SOCIOAMBIENTAL: Uma Incid\u00eancia Necess\u00e1ria em Mat\u00e9ria do Direito Ambiental Laboral"},"content":{"rendered":"\n<p class=\"has-medium-font-size\"><strong>Direito Material e Processual do Trabalho Constitucionalizados<\/strong><\/p>\n\n\n\n<figure class=\"wp-block-image size-large\"><img fetchpriority=\"high\" decoding=\"async\" width=\"1024\" height=\"700\" src=\"https:\/\/gpmat-ufmt.com.br\/wp-content\/uploads\/2024\/08\/caaaaaapaaaa_page-0001-1024x700.jpg\" alt=\"\" class=\"wp-image-3440\" srcset=\"https:\/\/gpmat-ufmt.com.br\/wp-content\/uploads\/2024\/08\/caaaaaapaaaa_page-0001-1024x700.jpg 1024w, https:\/\/gpmat-ufmt.com.br\/wp-content\/uploads\/2024\/08\/caaaaaapaaaa_page-0001-300x205.jpg 300w, https:\/\/gpmat-ufmt.com.br\/wp-content\/uploads\/2024\/08\/caaaaaapaaaa_page-0001-768x525.jpg 768w, https:\/\/gpmat-ufmt.com.br\/wp-content\/uploads\/2024\/08\/caaaaaapaaaa_page-0001-1536x1049.jpg 1536w, https:\/\/gpmat-ufmt.com.br\/wp-content\/uploads\/2024\/08\/caaaaaapaaaa_page-0001-1000x683.jpg 1000w, https:\/\/gpmat-ufmt.com.br\/wp-content\/uploads\/2024\/08\/caaaaaapaaaa_page-0001-500x342.jpg 500w, https:\/\/gpmat-ufmt.com.br\/wp-content\/uploads\/2024\/08\/caaaaaapaaaa_page-0001-1400x957.jpg 1400w, https:\/\/gpmat-ufmt.com.br\/wp-content\/uploads\/2024\/08\/caaaaaapaaaa_page-0001.jpg 1951w\" sizes=\"(max-width: 1024px) 100vw, 1024px\" \/><\/figure>\n\n\n\n<h2 class=\"wp-block-heading\">Resumo:<\/h2>\n\n\n\n<p class=\"has-medium-font-size\">Este trabalho tem por escopo versar sobre a incid\u00eancia do princ\u00edpio da proibi\u00e7\u00e3o de retrocesso socioambiental em mat\u00e9ria de direito ambiental do trabalho, de modo a evidenciar a sua imprescindibilidade para a prote\u00e7\u00e3o dos n\u00edveis normativos j\u00e1 alcan\u00e7ados. Para tanto, adotou-se pesquisa bibliogr\u00e1fica e documental e utilizou-se do m\u00e9todo de abordagem dedutivo, buscando demonstrar a concep\u00e7\u00e3o acerca do conte\u00fado essencial do direito fundamental ao ambiente laboral equilibrado, a sua rela\u00e7\u00e3o com o m\u00ednimo existencial socioambiental, e de como esses s\u00e3o tidos como um limite \u00e0 possibilidade de restri\u00e7\u00e3o do direito em voga, que se inobservado leva \u00e0 viola\u00e7\u00e3o do princ\u00edpio da proibi\u00e7\u00e3o de retrocesso. Assim, discorreu-se sobre os contornos do princ\u00edpio em quest\u00e3o, de maneira a apresentar uma das formas de verifica\u00e7\u00e3o de sua observ\u00e2ncia ou desrespeito, o que foi realizado com amparo no objeto do julgamento da A\u00e7\u00e3o Direta de Inconstitucionalidade n. 5938.<\/p>\n\n\n\n<p class=\"has-medium-font-size\"><strong>Palavras-chave:<\/strong> Direito Fundamental ao ambiente laboral equilibrado. Conte\u00fado essencial. M\u00ednimo existencial. Proibi\u00e7\u00e3o de retrocesso.<\/p>\n\n\n\n<p class=\"has-text-align-right has-medium-font-size\"><em>Carla Reita Faria Leal<br>D\u00e9bhora Renata Nunes Rodrigues<\/em><\/p>\n\n\n\n<p class=\"has-text-align-center has-medium-font-size\"><mark style=\"background-color:#fcb900\" class=\"has-inline-color\"><a href=\"http:\/\/gpmat-ufmt.com.br\/wp-content\/uploads\/2024\/08\/Capitulo-de-Livro-O-Principio-da-proibicao-de-retrocesso-socioambiental-uma-incidencia-necessaria-em-materia-do-direito-ambiental-laboral.pdf\" data-type=\"link\" data-id=\"http:\/\/gpmat-ufmt.com.br\/wp-content\/uploads\/2024\/08\/A-promocao-sustentabilidade-como-resposta-aos-impactos-do-Coronavirus-no-meio-ambiente-do-trabalho.pdf\">Link para baixar cap\u00edtulo completo.<\/a><\/mark><\/p>\n","protected":false},"excerpt":{"rendered":"<p>Direito Material e Processual do Trabalho Constitucionalizados Resumo: Este trabalho tem por escopo versar sobre a incid\u00eancia do princ\u00edpio da proibi\u00e7\u00e3o de retrocesso socioambiental em mat\u00e9ria de direito ambiental do trabalho, de modo a evidenciar a sua imprescindibilidade para a prote\u00e7\u00e3o dos n\u00edveis normativos j\u00e1 alcan\u00e7ados. Para tanto, adotou-se pesquisa bibliogr\u00e1fica e documental e utilizou-se&#8230; <span class=\"more\"><a class=\"more-link\" href=\"https:\/\/gpmat-ufmt.com.br\/index.php\/2024\/08\/21\/o-principio-da-proibicao-de-retrocesso-socioambiental-uma-incidencia-necessaria-em-materia-do-direito-ambiental-laboral\/\">Continue reading <span class=\"meta-nav\">&#8594;<\/span><\/a><\/span><\/p>\n","protected":false},"author":4,"featured_media":3185,"comment_status":"open","ping_status":"open","sticky":false,"template":"","format":"standard","meta":{"_editorskit_title_hidden":false,"_editorskit_reading_time":0,"_editorskit_is_block_options_detached":false,"_editorskit_block_options_position":"{}","footnotes":""},"categories":[74],"tags":[106,105,107,76],"_links":{"self":[{"href":"https:\/\/gpmat-ufmt.com.br\/index.php\/wp-json\/wp\/v2\/posts\/3439"}],"collection":[{"href":"https:\/\/gpmat-ufmt.com.br\/index.php\/wp-json\/wp\/v2\/posts"}],"about":[{"href":"https:\/\/gpmat-ufmt.com.br\/index.php\/wp-json\/wp\/v2\/types\/post"}],"author":[{"embeddable":true,"href":"https:\/\/gpmat-ufmt.com.br\/index.php\/wp-json\/wp\/v2\/users\/4"}],"replies":[{"embeddable":true,"href":"https:\/\/gpmat-ufmt.com.br\/index.php\/wp-json\/wp\/v2\/comments?post=3439"}],"version-history":[{"count":3,"href":"https:\/\/gpmat-ufmt.com.br\/index.php\/wp-json\/wp\/v2\/posts\/3439\/revisions"}],"predecessor-version":[{"id":3551,"href":"https:\/\/gpmat-ufmt.com.br\/index.php\/wp-json\/wp\/v2\/posts\/3439\/revisions\/3551"}],"wp:featuredmedia":[{"embeddable":true,"href":"https:\/\/gpmat-ufmt.com.br\/index.php\/wp-json\/wp\/v2\/media\/3185"}],"wp:attachment":[{"href":"https:\/\/gpmat-ufmt.com.br\/index.php\/wp-json\/wp\/v2\/media?parent=3439"}],"wp:term":[{"taxonomy":"category","embeddable":true,"href":"https:\/\/gpmat-ufmt.com.br\/index.php\/wp-json\/wp\/v2\/categories?post=3439"},{"taxonomy":"post_tag","embeddable":true,"href":"https:\/\/gpmat-ufmt.com.br\/index.php\/wp-json\/wp\/v2\/tags?post=3439"}],"curies":[{"name":"wp","href":"https:\/\/api.w.org\/{rel}","templated":true}]}}