{"id":3418,"date":"2024-08-19T22:40:33","date_gmt":"2024-08-20T01:40:33","guid":{"rendered":"https:\/\/gpmat-ufmt.com.br\/?p=3418"},"modified":"2024-08-27T21:04:24","modified_gmt":"2024-08-28T00:04:24","slug":"a-necessaria-protecao-juridica-aos-trabalhadores-que-exercem-trabalho-penoso-no-corte-manual-de-cana-de-acucar","status":"publish","type":"post","link":"https:\/\/gpmat-ufmt.com.br\/index.php\/2024\/08\/19\/a-necessaria-protecao-juridica-aos-trabalhadores-que-exercem-trabalho-penoso-no-corte-manual-de-cana-de-acucar\/","title":{"rendered":"A NECESS\u00c1RIA PROTE\u00c7\u00c3O JUR\u00cdDICA AOS TRABALHADORES QUE EXERCEM TRABALHO PENOSO NO CORTE MANUAL DE CANA-DE-A\u00c7UCAR"},"content":{"rendered":"\n<h2 class=\"wp-block-heading\">RESUMO:<\/h2>\n\n\n\n<p class=\"has-medium-font-size\">O artigo analisa a situa\u00e7\u00e3o dos trabalhadores que exercem trabalho penoso no corte manual da cana-de-a\u00e7\u00facar, com o objetivo de demonstrar a necessidade de sua prote\u00e7\u00e3o jur\u00eddica, a qual n\u00e3o tem sido objeto de efetiva preocupa\u00e7\u00e3o do Legislativo. Utilizando-se do m\u00e9todo dedutivo e das t\u00e9cnicas de pesquisa bibliogr\u00e1fica e documental, apresentam-se as bases te\u00f3ricas da centralidade do trabalho humano; descreve-se o processo de trabalho do corte manual da cana, identificando os riscos e os poss\u00edveis danos desse labor aos rur\u00edcolas; analisam-se a doutrina, a jurisprud\u00eancia e propostas legislativas relativas \u00e0 prote\u00e7\u00e3o dos que realizam trabalho penoso, destacadamente o exercido pelos cortadores de cana-de-a\u00e7\u00facar. Conclui-se pela exist\u00eancia de balizas doutrin\u00e1rias e jurisprudenciais robustas o suficiente para inspirar legisla\u00e7\u00e3o que regulamente o exerc\u00edcio do trabalho penoso e que contemple a prote\u00e7\u00e3o \u00e0 vida, \u00e0 sa\u00fade, ao bem-estar e \u00e0 dignidade dos cortadores manuais da cana-de-a\u00e7\u00facar.<\/p>\n\n\n\n<p class=\"has-medium-font-size\"><strong>Palavras-chave:<\/strong> Trabalho penoso. Cortadores de cana-de-a\u00e7\u00facar. Omiss\u00e3o legislativa.<\/p>\n\n\n\n<p class=\"has-text-align-right\"><em>DULCELY SILVA FRANCO<br>CARLA REITA FARIA LEAL<\/em><\/p>\n\n\n\n<div data-client-id=\"e44d25a3e20c4795b7c74941d70bfd71\" id=\"pdf-1\" class=\"wp-block-tropicalista-pdfembed\" style=\"height:500px\" data-api-key=\"\" data-file-name=\"ARTIGO-CARLA-E-DULCELY-ril_v58_n230_-p111-A-NECESSARIA-PROTECAO-JURIDICA-AOS-TRABALHADORES-QUE-EXERCEM-TRABALHO-PENOSO-NO-CORTE-MANUAL-DA-CANA-DE-ACUCAR-2021\" data-media-url=\"https:\/\/gpmat-ufmt.com.br\/wp-content\/uploads\/2024\/08\/ARTIGO-CARLA-E-DULCELY-ril_v58_n230_-p111-A-NECESSARIA-PROTECAO-JURIDICA-AOS-TRABALHADORES-QUE-EXERCEM-TRABALHO-PENOSO-NO-CORTE-MANUAL-DA-CANA-DE-ACUCAR-2021.pdf\" data-show-download-pdf=\"true\" data-show-print-pdf=\"true\" data-show-page-controls=\"true\" data-show-thumbnails=\"true\" data-show-bookmarks=\"true\" data-show-zoom-control=\"true\" data-show-full-screen=\"true\" data-default-view-mode=\"FIT_PAGE\" data-show-annotation-tools=\"true\" data-enable-form-filling=\"true\"><\/div>\n","protected":false},"excerpt":{"rendered":"<p>RESUMO: O artigo analisa a situa\u00e7\u00e3o dos trabalhadores que exercem trabalho penoso no corte manual da cana-de-a\u00e7\u00facar, com o objetivo de demonstrar a necessidade de sua prote\u00e7\u00e3o jur\u00eddica, a qual n\u00e3o tem sido objeto de efetiva preocupa\u00e7\u00e3o do Legislativo. Utilizando-se do m\u00e9todo dedutivo e das t\u00e9cnicas de pesquisa bibliogr\u00e1fica e documental, apresentam-se as bases te\u00f3ricas&#8230; <span class=\"more\"><a class=\"more-link\" href=\"https:\/\/gpmat-ufmt.com.br\/index.php\/2024\/08\/19\/a-necessaria-protecao-juridica-aos-trabalhadores-que-exercem-trabalho-penoso-no-corte-manual-de-cana-de-acucar\/\">Continue reading <span class=\"meta-nav\">&#8594;<\/span><\/a><\/span><\/p>\n","protected":false},"author":4,"featured_media":3339,"comment_status":"open","ping_status":"open","sticky":false,"template":"","format":"standard","meta":{"_editorskit_title_hidden":false,"_editorskit_reading_time":0,"_editorskit_is_block_options_detached":false,"_editorskit_block_options_position":"{}","footnotes":""},"categories":[74],"tags":[86,87,85],"_links":{"self":[{"href":"https:\/\/gpmat-ufmt.com.br\/index.php\/wp-json\/wp\/v2\/posts\/3418"}],"collection":[{"href":"https:\/\/gpmat-ufmt.com.br\/index.php\/wp-json\/wp\/v2\/posts"}],"about":[{"href":"https:\/\/gpmat-ufmt.com.br\/index.php\/wp-json\/wp\/v2\/types\/post"}],"author":[{"embeddable":true,"href":"https:\/\/gpmat-ufmt.com.br\/index.php\/wp-json\/wp\/v2\/users\/4"}],"replies":[{"embeddable":true,"href":"https:\/\/gpmat-ufmt.com.br\/index.php\/wp-json\/wp\/v2\/comments?post=3418"}],"version-history":[{"count":1,"href":"https:\/\/gpmat-ufmt.com.br\/index.php\/wp-json\/wp\/v2\/posts\/3418\/revisions"}],"predecessor-version":[{"id":3420,"href":"https:\/\/gpmat-ufmt.com.br\/index.php\/wp-json\/wp\/v2\/posts\/3418\/revisions\/3420"}],"wp:featuredmedia":[{"embeddable":true,"href":"https:\/\/gpmat-ufmt.com.br\/index.php\/wp-json\/wp\/v2\/media\/3339"}],"wp:attachment":[{"href":"https:\/\/gpmat-ufmt.com.br\/index.php\/wp-json\/wp\/v2\/media?parent=3418"}],"wp:term":[{"taxonomy":"category","embeddable":true,"href":"https:\/\/gpmat-ufmt.com.br\/index.php\/wp-json\/wp\/v2\/categories?post=3418"},{"taxonomy":"post_tag","embeddable":true,"href":"https:\/\/gpmat-ufmt.com.br\/index.php\/wp-json\/wp\/v2\/tags?post=3418"}],"curies":[{"name":"wp","href":"https:\/\/api.w.org\/{rel}","templated":true}]}}