{"id":3410,"date":"2024-08-19T22:19:40","date_gmt":"2024-08-20T01:19:40","guid":{"rendered":"https:\/\/gpmat-ufmt.com.br\/?p=3410"},"modified":"2024-08-27T21:04:33","modified_gmt":"2024-08-28T00:04:33","slug":"a-precarizacao-do-trabalho-na-era-digital-e-seu-impacto-no-equilibrio-laboral-ambiental","status":"publish","type":"post","link":"https:\/\/gpmat-ufmt.com.br\/index.php\/2024\/08\/19\/a-precarizacao-do-trabalho-na-era-digital-e-seu-impacto-no-equilibrio-laboral-ambiental\/","title":{"rendered":"A PRECARIZA\u00c7\u00c3O DO TRABALHO NA ERA DIGITAL E SEU IMPACTO NO EQUIL\u00cdBRIO LABORAL-AMBIENTAL"},"content":{"rendered":"\n<h2 class=\"wp-block-heading\"><strong>Veredas do Direito<\/strong>: Direito Ambiental e Desenvolvimento Sustent\u00e1vel (2020)<\/h2>\n\n\n\n<figure class=\"wp-block-image size-full is-resized\"><img fetchpriority=\"high\" decoding=\"async\" width=\"532\" height=\"752\" src=\"http:\/\/gpmat-ufmt.com.br\/wp-content\/uploads\/2024\/07\/capa22_page-0001-edited.jpg\" alt=\"\" class=\"wp-image-3320\" style=\"width:237px;height:auto\" srcset=\"https:\/\/gpmat-ufmt.com.br\/wp-content\/uploads\/2024\/07\/capa22_page-0001-edited.jpg 532w, https:\/\/gpmat-ufmt.com.br\/wp-content\/uploads\/2024\/07\/capa22_page-0001-edited-212x300.jpg 212w, https:\/\/gpmat-ufmt.com.br\/wp-content\/uploads\/2024\/07\/capa22_page-0001-edited-500x707.jpg 500w\" sizes=\"(max-width: 532px) 100vw, 532px\" \/><\/figure>\n\n\n\n<h2 class=\"wp-block-heading\">RESUMO:<\/h2>\n\n\n\n<p class=\"has-medium-font-size\">Este artigo tem por escopo versar sobre o impacto da Ind\u00fastria 4.0 no direito fundamental ao ambiente laboral equilibrado, o qual \u00e9 imprescind\u00edvel para salvaguardar a sa\u00fade e a seguran\u00e7a do trabalhador, bem como analisar como os Poderes Judici\u00e1rio e Legislativo brasileiros t\u00eam enfrentado essa tem\u00e1tica. Para tanto, adotou-se a pesquisa bibliogr\u00e1fica e utilizou-se do m\u00e9todo dedutivo, buscando demonstrar as transforma\u00e7\u00f5es ocorridas na seara laboral em raz\u00e3o das Revolu\u00e7\u00f5es Industriais. Posteriormente, abordou-se o capitalismo hipertardio brasileiro e como este foi (e vem sendo) sentido pela classe trabalhadora. Embora n\u00e3o se possa atribuir todas as mazelas do equil\u00edbrio labor-ambiental ao surgimento da Ind\u00fastria 4.0, o certo \u00e9 que as inova\u00e7\u00f5es tecnol\u00f3gicas advindas desta \u00faltima t\u00eam intensificado e acelerado em demasia o processo de precariza\u00e7\u00e3o dos direitos fundamentais do trabalhador. A pesquisa possibilitou constatar que, embora o trabalho seja marcado por novas e sofisticadas formas relacionadas \u00e0 incid\u00eancia da tecnologia, estas n\u00e3o t\u00eam, em sua maioria, levado \u00e0 melhoria das condi\u00e7\u00f5es do ambiente laboral, em especial quanto \u00e0 jornada, apontando que a jurisprud\u00eancia e legisla\u00e7\u00e3o ordin\u00e1ria brasileiras precisam considerar essa realidade para mostrarem-se adequadas \u00e0s diretrizes constitucionais.<\/p>\n\n\n\n<p class=\"has-medium-font-size\"><strong>Palavras-chave:<\/strong> direitos fundamentais do trabalhador; Ind\u00fastria 4.0; precariza\u00e7\u00e3o do equil\u00edbrio labor-ambiental.<\/p>\n\n\n\n<p class=\"has-text-align-right has-medium-font-size\"><em>Carla Reita Faria Leal<br>D\u00e9bhora Renata Nunes Rodrigues<\/em><\/p>\n\n\n\n<p class=\"has-text-align-center has-medium-font-size\"><a href=\"http:\/\/gpmat-ufmt.com.br\/wp-content\/uploads\/2024\/08\/aaaa.pdf\"><mark style=\"background-color:#fcb900\" class=\"has-inline-color\">Link para baixar cap\u00edtulo completo.<\/mark><\/a><\/p>\n","protected":false},"excerpt":{"rendered":"<p>Veredas do Direito: Direito Ambiental e Desenvolvimento Sustent\u00e1vel (2020) RESUMO: Este artigo tem por escopo versar sobre o impacto da Ind\u00fastria 4.0 no direito fundamental ao ambiente laboral equilibrado, o qual \u00e9 imprescind\u00edvel para salvaguardar a sa\u00fade e a seguran\u00e7a do trabalhador, bem como analisar como os Poderes Judici\u00e1rio e Legislativo brasileiros t\u00eam enfrentado essa&#8230; <span class=\"more\"><a class=\"more-link\" href=\"https:\/\/gpmat-ufmt.com.br\/index.php\/2024\/08\/19\/a-precarizacao-do-trabalho-na-era-digital-e-seu-impacto-no-equilibrio-laboral-ambiental\/\">Continue reading <span class=\"meta-nav\">&#8594;<\/span><\/a><\/span><\/p>\n","protected":false},"author":4,"featured_media":3189,"comment_status":"open","ping_status":"open","sticky":false,"template":"","format":"standard","meta":{"_editorskit_title_hidden":false,"_editorskit_reading_time":0,"_editorskit_is_block_options_detached":false,"_editorskit_block_options_position":"{}","footnotes":""},"categories":[74],"tags":[83,82,84],"_links":{"self":[{"href":"https:\/\/gpmat-ufmt.com.br\/index.php\/wp-json\/wp\/v2\/posts\/3410"}],"collection":[{"href":"https:\/\/gpmat-ufmt.com.br\/index.php\/wp-json\/wp\/v2\/posts"}],"about":[{"href":"https:\/\/gpmat-ufmt.com.br\/index.php\/wp-json\/wp\/v2\/types\/post"}],"author":[{"embeddable":true,"href":"https:\/\/gpmat-ufmt.com.br\/index.php\/wp-json\/wp\/v2\/users\/4"}],"replies":[{"embeddable":true,"href":"https:\/\/gpmat-ufmt.com.br\/index.php\/wp-json\/wp\/v2\/comments?post=3410"}],"version-history":[{"count":1,"href":"https:\/\/gpmat-ufmt.com.br\/index.php\/wp-json\/wp\/v2\/posts\/3410\/revisions"}],"predecessor-version":[{"id":3413,"href":"https:\/\/gpmat-ufmt.com.br\/index.php\/wp-json\/wp\/v2\/posts\/3410\/revisions\/3413"}],"wp:featuredmedia":[{"embeddable":true,"href":"https:\/\/gpmat-ufmt.com.br\/index.php\/wp-json\/wp\/v2\/media\/3189"}],"wp:attachment":[{"href":"https:\/\/gpmat-ufmt.com.br\/index.php\/wp-json\/wp\/v2\/media?parent=3410"}],"wp:term":[{"taxonomy":"category","embeddable":true,"href":"https:\/\/gpmat-ufmt.com.br\/index.php\/wp-json\/wp\/v2\/categories?post=3410"},{"taxonomy":"post_tag","embeddable":true,"href":"https:\/\/gpmat-ufmt.com.br\/index.php\/wp-json\/wp\/v2\/tags?post=3410"}],"curies":[{"name":"wp","href":"https:\/\/api.w.org\/{rel}","templated":true}]}}