{"id":3328,"date":"2024-08-01T20:55:18","date_gmt":"2024-08-01T23:55:18","guid":{"rendered":"https:\/\/gpmat-ufmt.com.br\/?p=3328"},"modified":"2024-08-27T21:04:48","modified_gmt":"2024-08-28T00:04:48","slug":"uma-analise-jurisprudencial-acerca-da-violacao-ao-direito-a-desconexao-nos-tribunais-trabalhistas-brasileiros","status":"publish","type":"post","link":"https:\/\/gpmat-ufmt.com.br\/index.php\/2024\/08\/01\/uma-analise-jurisprudencial-acerca-da-violacao-ao-direito-a-desconexao-nos-tribunais-trabalhistas-brasileiros\/","title":{"rendered":"UMA AN\u00c1LISE JURISPRUDENCIAL ACERCA DA VIOLA\u00c7\u00c3O AO DIREITO \u00c0 DESCONEX\u00c3O NOS TRIBUNAIS TRABALHISTAS BRASILEIROS"},"content":{"rendered":"\n<h2 class=\"wp-block-heading\">Revista Direitos, Trabalho e Pol\u00edtica Social: <em>estado devedor, endividamento e pol\u00edtica social<\/em><\/h2>\n\n\n\n<figure class=\"wp-block-image size-medium\"><img fetchpriority=\"high\" decoding=\"async\" width=\"207\" height=\"300\" src=\"https:\/\/gpmat-ufmt.com.br\/wp-content\/uploads\/2024\/08\/Revista-direitos-trabalho-e-politica-social-Vol.-5-n.-9-jul._dez.-2019-Uma-analise-jurisprudencial-acerca-da-violacao-ao-direito-a-desconexao-nos-tribunais-trabalhistas-brasileiros._page-0001-207x300.jpg\" alt=\"\" class=\"wp-image-3329\" srcset=\"https:\/\/gpmat-ufmt.com.br\/wp-content\/uploads\/2024\/08\/Revista-direitos-trabalho-e-politica-social-Vol.-5-n.-9-jul._dez.-2019-Uma-analise-jurisprudencial-acerca-da-violacao-ao-direito-a-desconexao-nos-tribunais-trabalhistas-brasileiros._page-0001-207x300.jpg 207w, https:\/\/gpmat-ufmt.com.br\/wp-content\/uploads\/2024\/08\/Revista-direitos-trabalho-e-politica-social-Vol.-5-n.-9-jul._dez.-2019-Uma-analise-jurisprudencial-acerca-da-violacao-ao-direito-a-desconexao-nos-tribunais-trabalhistas-brasileiros._page-0001-706x1024.jpg 706w, https:\/\/gpmat-ufmt.com.br\/wp-content\/uploads\/2024\/08\/Revista-direitos-trabalho-e-politica-social-Vol.-5-n.-9-jul._dez.-2019-Uma-analise-jurisprudencial-acerca-da-violacao-ao-direito-a-desconexao-nos-tribunais-trabalhistas-brasileiros._page-0001-768x1114.jpg 768w, https:\/\/gpmat-ufmt.com.br\/wp-content\/uploads\/2024\/08\/Revista-direitos-trabalho-e-politica-social-Vol.-5-n.-9-jul._dez.-2019-Uma-analise-jurisprudencial-acerca-da-violacao-ao-direito-a-desconexao-nos-tribunais-trabalhistas-brasileiros._page-0001-500x725.jpg 500w, https:\/\/gpmat-ufmt.com.br\/wp-content\/uploads\/2024\/08\/Revista-direitos-trabalho-e-politica-social-Vol.-5-n.-9-jul._dez.-2019-Uma-analise-jurisprudencial-acerca-da-violacao-ao-direito-a-desconexao-nos-tribunais-trabalhistas-brasileiros._page-0001.jpg 916w\" sizes=\"(max-width: 207px) 100vw, 207px\" \/><\/figure>\n\n\n\n<h2 class=\"wp-block-heading\">RESUMO:<\/h2>\n\n\n\n<p class=\"has-medium-font-size\">A limita\u00e7\u00e3o da jornada de trabalho visa \u00e0 garantia da sa\u00fade e da seguran\u00e7a dos empregados celetistas, assegurando-lhes uma vida digna, motivo pelo qual a realiza\u00e7\u00e3o de jornada de trabalho para al\u00e9m do limite legal pode gerar ao empregador consequ\u00eancias que ultrapassam o mero pagamento de horas extraordin\u00e1rias, sendo uma das possibilidades o surgimento da obriga\u00e7\u00e3o de pagar indeniza\u00e7\u00e3o por danos extrapatrimoniais, isso caso haja a viola\u00e7\u00e3o do direito \u00e0 desconex\u00e3o. Objetiva-se, utilizando-se do m\u00e9todo dedutivo e de t\u00e9cnicas de pesquisa bibliogr\u00e1fica e documental, investigar de que forma os tribunais trabalhistas brasileiros t\u00eam se posicionado acerca do direito \u00e0 desconex\u00e3o dos trabalhadores. Muito embora j\u00e1 haja o reconhecimento na doutrina, e recentemente no texto da Consolida\u00e7\u00e3o das Leis do Trabalho, no tocante \u00e0 exist\u00eancia do dano extrapatrimonial, a an\u00e1lise jurisprudencial deixou evidenciado que os tribunais, em especial o Tribunal Superior do Trabalho, ainda n\u00e3o se posicionam de maneira uniforme acerca do reconhecimento do mencionado instituto e, consequentemente, divergem acerca da possibilidade de condena\u00e7\u00e3o no pagamento de indeniza\u00e7\u00e3o por dano existencial na hip\u00f3tese de supress\u00e3o do direito \u00e0 desconex\u00e3o.<\/p>\n\n\n\n<p class=\"has-medium-font-size\"><strong>Palavras-chave: <\/strong>Direito \u00e0 desconex\u00e3o. Dano existencial. Jurisprud\u00eancia trabalhista.<\/p>\n\n\n\n<p class=\"has-text-align-right has-medium-font-size\"><em>Fernanda Brand\u00e3o Can\u00e7ado<br>Carla Reita Faria Leal<\/em><\/p>\n\n\n\n<p class=\"has-text-align-center has-medium-font-size\"><a href=\"http:\/\/gpmat-ufmt.com.br\/wp-content\/uploads\/2024\/08\/Revista-direitos-trabalho-e-politica-social-Vol.-5-n.-9-jul._dez.-2019-Uma-analise-jurisprudencial-acerca-da-violacao-ao-direito-a-desconexao-nos-tribunais-trabalhistas-brasileiros.pdf\"><mark style=\"background-color:#fcb900\" class=\"has-inline-color\">Link para baixar cap\u00edtulo completo.<\/mark><\/a><\/p>\n","protected":false},"excerpt":{"rendered":"<p>Revista Direitos, Trabalho e Pol\u00edtica Social: estado devedor, endividamento e pol\u00edtica social RESUMO: A limita\u00e7\u00e3o da jornada de trabalho visa \u00e0 garantia da sa\u00fade e da seguran\u00e7a dos empregados celetistas, assegurando-lhes uma vida digna, motivo pelo qual a realiza\u00e7\u00e3o de jornada de trabalho para al\u00e9m do limite legal pode gerar ao empregador consequ\u00eancias que ultrapassam&#8230; <span class=\"more\"><a class=\"more-link\" href=\"https:\/\/gpmat-ufmt.com.br\/index.php\/2024\/08\/01\/uma-analise-jurisprudencial-acerca-da-violacao-ao-direito-a-desconexao-nos-tribunais-trabalhistas-brasileiros\/\">Continue reading <span class=\"meta-nav\">&#8594;<\/span><\/a><\/span><\/p>\n","protected":false},"author":4,"featured_media":3189,"comment_status":"open","ping_status":"open","sticky":false,"template":"","format":"standard","meta":{"_editorskit_title_hidden":false,"_editorskit_reading_time":0,"_editorskit_is_block_options_detached":false,"_editorskit_block_options_position":"{}","footnotes":""},"categories":[74],"tags":[93,92,94],"_links":{"self":[{"href":"https:\/\/gpmat-ufmt.com.br\/index.php\/wp-json\/wp\/v2\/posts\/3328"}],"collection":[{"href":"https:\/\/gpmat-ufmt.com.br\/index.php\/wp-json\/wp\/v2\/posts"}],"about":[{"href":"https:\/\/gpmat-ufmt.com.br\/index.php\/wp-json\/wp\/v2\/types\/post"}],"author":[{"embeddable":true,"href":"https:\/\/gpmat-ufmt.com.br\/index.php\/wp-json\/wp\/v2\/users\/4"}],"replies":[{"embeddable":true,"href":"https:\/\/gpmat-ufmt.com.br\/index.php\/wp-json\/wp\/v2\/comments?post=3328"}],"version-history":[{"count":3,"href":"https:\/\/gpmat-ufmt.com.br\/index.php\/wp-json\/wp\/v2\/posts\/3328\/revisions"}],"predecessor-version":[{"id":3360,"href":"https:\/\/gpmat-ufmt.com.br\/index.php\/wp-json\/wp\/v2\/posts\/3328\/revisions\/3360"}],"wp:featuredmedia":[{"embeddable":true,"href":"https:\/\/gpmat-ufmt.com.br\/index.php\/wp-json\/wp\/v2\/media\/3189"}],"wp:attachment":[{"href":"https:\/\/gpmat-ufmt.com.br\/index.php\/wp-json\/wp\/v2\/media?parent=3328"}],"wp:term":[{"taxonomy":"category","embeddable":true,"href":"https:\/\/gpmat-ufmt.com.br\/index.php\/wp-json\/wp\/v2\/categories?post=3328"},{"taxonomy":"post_tag","embeddable":true,"href":"https:\/\/gpmat-ufmt.com.br\/index.php\/wp-json\/wp\/v2\/tags?post=3328"}],"curies":[{"name":"wp","href":"https:\/\/api.w.org\/{rel}","templated":true}]}}