{"id":3324,"date":"2024-08-01T20:42:05","date_gmt":"2024-08-01T23:42:05","guid":{"rendered":"https:\/\/gpmat-ufmt.com.br\/?p=3324"},"modified":"2024-08-27T21:04:52","modified_gmt":"2024-08-28T00:04:52","slug":"a-aplicacao-do-principio-da-proibicao-de-retrocesso-no-ambito-do-direito-ambiental-do-trabalho","status":"publish","type":"post","link":"https:\/\/gpmat-ufmt.com.br\/index.php\/2024\/08\/01\/a-aplicacao-do-principio-da-proibicao-de-retrocesso-no-ambito-do-direito-ambiental-do-trabalho\/","title":{"rendered":"A APLICA\u00c7\u00c3O DO PRINC\u00cdPIO DA PROIBI\u00c7\u00c3O DE RETROCESSO NO \u00c2MBITO DO DIREITO AMBIENTAL DO TRABALHO"},"content":{"rendered":"\n<h2 class=\"wp-block-heading\">RESUMO:<\/h2>\n\n\n\n<p class=\"has-medium-font-size\">Este artigo tem por escopo versar sobre a aplica\u00e7\u00e3o do princ\u00edpio da proibi\u00e7\u00e3o de retrocesso socioambiental em mat\u00e9ria de direito ambiental do trabalho, de modo a analisar se e em que medida essa propicia observ\u00e2ncia ao dever estatal de prote\u00e7\u00e3o do direito fundamental ao meio ambiente de trabalho equilibrado. Para tanto, adotou-se pesquisa bibliogr\u00e1fica e a utiliza\u00e7\u00e3o do m\u00e9todo dedutivo, buscando demonstrar a necessidade de efetiva\u00e7\u00e3o do direito fundamental em destaque para a prote\u00e7\u00e3o da dignidade da pessoa humana, o que reflete, consequentemente, na vincula\u00e7\u00e3o e limita\u00e7\u00e3o da atua\u00e7\u00e3o dos poderes estatais em tal seara. Posteriormente, abordou-se o conte\u00fado essencial do direito fundamental em voga, apresentando-o como limite \u00e0 possibilidade de restri\u00e7\u00f5es, bem como discorreu-se acerca do princ\u00edpio da proibi\u00e7\u00e3o do retrocesso socioambiental e qual o n\u00edvel de prote\u00e7\u00e3o que esse possibilita, caso aplicado. A pesquisa possibilitou constatar que o princ\u00edpio em tela n\u00e3o inviabiliza toda e qualquer altera\u00e7\u00e3o pretendida pelo Poder P\u00fablico, impondo, todavia, a necessidade de observ\u00e2ncia de crit\u00e9rios, como a aplica\u00e7\u00e3o da regra da proporcionalidade, para que haja,<em> v. g.<\/em>, a preserva\u00e7\u00e3o do conte\u00fado essencial do direito. Por fim, a pesquisa levou \u00e0 conclus\u00e3o de que a aplica\u00e7\u00e3o do princ\u00edpio em destaque, se deveras realizada, possibilita a prote\u00e7\u00e3o do conte\u00fado essencial do direito ao ambiente laboral equilibrado, de maneira a que este n\u00e3o reste fulminado em um cen\u00e1rio de constantes altera\u00e7\u00f5es, inclusive legislativas.<\/p>\n\n\n\n<p class=\"has-medium-font-size\"><strong>Palavras-chave:<\/strong> Direito fundamental ao meio ambiente do trabalho equilibrado. Proibi\u00e7\u00e3o de retrocesso. Restri\u00e7\u00f5es a direitos fundamentais.<\/p>\n\n\n\n<div data-wp-interactive=\"core\/file\" class=\"wp-block-file\"><object data-wp-bind--hidden=\"!state.hasPdfPreview\"  class=\"wp-block-file__embed\" data=\"https:\/\/gpmat-ufmt.com.br\/wp-content\/uploads\/2024\/08\/Revista-de-Direitos-Fundamentais-Democracia-Curitiba-v.-24-n.-2-A-APLICACAO-DO-PRINCIPIO-DA-PROIBICAO-DE-RETROCESSO-NO-AMBITO-DO-DIREITO-AMBIENTAL-DO-TRABALHO-2019-1.pdf\" type=\"application\/pdf\" style=\"width:100%;height:600px\" aria-label=\"Incorporado de Revista-de-Direitos-Fundamentais-Democracia-Curitiba-v.-24-n.-2-A-APLICACAO-DO-PRINCIPIO-DA-PROIBICAO-DE-RETROCESSO-NO-AMBITO-DO-DIREITO-AMBIENTAL-DO-TRABALHO-2019-1.\"><\/object><a id=\"wp-block-file--media-029c3ed7-c0ce-485e-bad9-1534766657da\" href=\"https:\/\/gpmat-ufmt.com.br\/wp-content\/uploads\/2024\/08\/Revista-de-Direitos-Fundamentais-Democracia-Curitiba-v.-24-n.-2-A-APLICACAO-DO-PRINCIPIO-DA-PROIBICAO-DE-RETROCESSO-NO-AMBITO-DO-DIREITO-AMBIENTAL-DO-TRABALHO-2019-1.pdf\">Revista-de-Direitos-Fundamentais-Democracia-Curitiba-v.-24-n.-2-A-APLICACAO-DO-PRINCIPIO-DA-PROIBICAO-DE-RETROCESSO-NO-AMBITO-DO-DIREITO-AMBIENTAL-DO-TRABALHO-2019-1<\/a><a href=\"https:\/\/gpmat-ufmt.com.br\/wp-content\/uploads\/2024\/08\/Revista-de-Direitos-Fundamentais-Democracia-Curitiba-v.-24-n.-2-A-APLICACAO-DO-PRINCIPIO-DA-PROIBICAO-DE-RETROCESSO-NO-AMBITO-DO-DIREITO-AMBIENTAL-DO-TRABALHO-2019-1.pdf\" class=\"wp-block-file__button wp-element-button\" download aria-describedby=\"wp-block-file--media-029c3ed7-c0ce-485e-bad9-1534766657da\">Baixar<\/a><\/div>\n","protected":false},"excerpt":{"rendered":"<p>RESUMO: Este artigo tem por escopo versar sobre a aplica\u00e7\u00e3o do princ\u00edpio da proibi\u00e7\u00e3o de retrocesso socioambiental em mat\u00e9ria de direito ambiental do trabalho, de modo a analisar se e em que medida essa propicia observ\u00e2ncia ao dever estatal de prote\u00e7\u00e3o do direito fundamental ao meio ambiente de trabalho equilibrado. Para tanto, adotou-se pesquisa bibliogr\u00e1fica&#8230; <span class=\"more\"><a class=\"more-link\" href=\"https:\/\/gpmat-ufmt.com.br\/index.php\/2024\/08\/01\/a-aplicacao-do-principio-da-proibicao-de-retrocesso-no-ambito-do-direito-ambiental-do-trabalho\/\">Continue reading <span class=\"meta-nav\">&#8594;<\/span><\/a><\/span><\/p>\n","protected":false},"author":4,"featured_media":3189,"comment_status":"open","ping_status":"open","sticky":false,"template":"","format":"standard","meta":{"_editorskit_title_hidden":false,"_editorskit_reading_time":0,"_editorskit_is_block_options_detached":false,"_editorskit_block_options_position":"{}","footnotes":""},"categories":[74],"tags":[75,76,77],"_links":{"self":[{"href":"https:\/\/gpmat-ufmt.com.br\/index.php\/wp-json\/wp\/v2\/posts\/3324"}],"collection":[{"href":"https:\/\/gpmat-ufmt.com.br\/index.php\/wp-json\/wp\/v2\/posts"}],"about":[{"href":"https:\/\/gpmat-ufmt.com.br\/index.php\/wp-json\/wp\/v2\/types\/post"}],"author":[{"embeddable":true,"href":"https:\/\/gpmat-ufmt.com.br\/index.php\/wp-json\/wp\/v2\/users\/4"}],"replies":[{"embeddable":true,"href":"https:\/\/gpmat-ufmt.com.br\/index.php\/wp-json\/wp\/v2\/comments?post=3324"}],"version-history":[{"count":1,"href":"https:\/\/gpmat-ufmt.com.br\/index.php\/wp-json\/wp\/v2\/posts\/3324\/revisions"}],"predecessor-version":[{"id":3327,"href":"https:\/\/gpmat-ufmt.com.br\/index.php\/wp-json\/wp\/v2\/posts\/3324\/revisions\/3327"}],"wp:featuredmedia":[{"embeddable":true,"href":"https:\/\/gpmat-ufmt.com.br\/index.php\/wp-json\/wp\/v2\/media\/3189"}],"wp:attachment":[{"href":"https:\/\/gpmat-ufmt.com.br\/index.php\/wp-json\/wp\/v2\/media?parent=3324"}],"wp:term":[{"taxonomy":"category","embeddable":true,"href":"https:\/\/gpmat-ufmt.com.br\/index.php\/wp-json\/wp\/v2\/categories?post=3324"},{"taxonomy":"post_tag","embeddable":true,"href":"https:\/\/gpmat-ufmt.com.br\/index.php\/wp-json\/wp\/v2\/tags?post=3324"}],"curies":[{"name":"wp","href":"https:\/\/api.w.org\/{rel}","templated":true}]}}