{"id":3317,"date":"2024-07-29T21:21:06","date_gmt":"2024-07-30T00:21:06","guid":{"rendered":"https:\/\/gpmat-ufmt.com.br\/?p=3317"},"modified":"2024-08-27T21:04:55","modified_gmt":"2024-08-28T00:04:55","slug":"riscos-ambientais-laborais-nasociedade-global-e-sua-protecao-juridica","status":"publish","type":"post","link":"https:\/\/gpmat-ufmt.com.br\/index.php\/2024\/07\/29\/riscos-ambientais-laborais-nasociedade-global-e-sua-protecao-juridica\/","title":{"rendered":"RISCOS AMBIENTAIS LABORAIS NASOCIEDADE GLOBAL E SUA PROTE\u00c7\u00c3O JUR\u00cdDICA"},"content":{"rendered":"\n<h2 class=\"wp-block-heading\">Veredas do Direito: <strong>Direito Ambiental e Desenvolvimento Sustent\u00e1vel<\/strong> <strong>(2017)<\/strong><\/h2>\n\n\n\n<figure class=\"wp-block-image size-large is-resized\"><img fetchpriority=\"high\" decoding=\"async\" width=\"532\" height=\"752\" src=\"https:\/\/gpmat-ufmt.com.br\/wp-content\/uploads\/2024\/07\/capa22_page-0001-edited.jpg\" alt=\"\" class=\"wp-image-3320\" style=\"width:224px;height:auto\" srcset=\"https:\/\/gpmat-ufmt.com.br\/wp-content\/uploads\/2024\/07\/capa22_page-0001-edited.jpg 532w, https:\/\/gpmat-ufmt.com.br\/wp-content\/uploads\/2024\/07\/capa22_page-0001-edited-212x300.jpg 212w, https:\/\/gpmat-ufmt.com.br\/wp-content\/uploads\/2024\/07\/capa22_page-0001-edited-500x707.jpg 500w\" sizes=\"(max-width: 532px) 100vw, 532px\" \/><\/figure>\n\n\n\n<h2 class=\"wp-block-heading\">Resumo:<\/h2>\n\n\n\n<p class=\"has-medium-font-size\">A sofistica\u00e7\u00e3o dos riscos advindos do atual est\u00e1gio do desenvolvimento industrial, combinada com a desestrutura\u00e7\u00e3o do sistema trabalhista na sociedade global, aumenta a relev\u00e2ncia da tem\u00e1tica dos riscos ambientais laborais, na medida em que a preven\u00e7\u00e3o de acidentes do trabalho depende do cumprimento de normas ambientais direcionadas \u00e0 avalia\u00e7\u00e3o, controle e gest\u00e3o desses riscos. Na Constitui\u00e7\u00e3o Federal de 1988, o dever do empregador de promover a redu\u00e7\u00e3o dos riscos inerentes ao trabalho \u00e9 cumulado com o dever de arcar com o seguro obrigat\u00f3rio contra acidentes laborais, a cargo do seguro social, sem preju\u00edzo da responsabilidade civil. O direito brasileiro segue a tend\u00eancia de socializa\u00e7\u00e3o dos riscos no trabalho, utilizando-se a t\u00e9cnica do seguro, por meio do qual \u00e9 garantida uma indeniza\u00e7\u00e3o b\u00e1sica pela coletividade, com valores tarifados a partir da m\u00e9dia salarial do trabalhador. A mesma l\u00f3gica da tarifa\u00e7\u00e3o da repara\u00e7\u00e3o foi adotada pela reforma trabalhista, ao fixar limites para indeniza\u00e7\u00e3o do dano extrapatrimonial.<\/p>\n\n\n\n<p class=\"has-medium-font-size\"><strong>Palavras-chave:<\/strong> Sociedade de risco. Meio ambiente do trabalho. Riscos ambientais laborais. Prote\u00e7\u00e3o jur\u00eddica.<\/p>\n\n\n\n<p class=\"has-text-align-right has-medium-font-size\"><em>Carla Reita Faria Leal<br>Solange de Holanda Rocha<\/em><\/p>\n\n\n\n<p class=\"has-text-align-center has-medium-font-size\"><a href=\"http:\/\/gpmat-ufmt.com.br\/wp-content\/uploads\/2024\/07\/RISCOS-AMBIENTAIS-LABORAIS-NA-SOCIEDADE-GLOBAL-E-SUA-PROTECAO-JURIDICA.pdf\"><mark style=\"background-color:#fcb900\" class=\"has-inline-color\">Link para baixar o cap\u00edtulo completo.<\/mark><\/a><\/p>\n","protected":false},"excerpt":{"rendered":"<p>Veredas do Direito: Direito Ambiental e Desenvolvimento Sustent\u00e1vel (2017) Resumo: A sofistica\u00e7\u00e3o dos riscos advindos do atual est\u00e1gio do desenvolvimento industrial, combinada com a desestrutura\u00e7\u00e3o do sistema trabalhista na sociedade global, aumenta a relev\u00e2ncia da tem\u00e1tica dos riscos ambientais laborais, na medida em que a preven\u00e7\u00e3o de acidentes do trabalho depende do cumprimento de normas&#8230; <span class=\"more\"><a class=\"more-link\" href=\"https:\/\/gpmat-ufmt.com.br\/index.php\/2024\/07\/29\/riscos-ambientais-laborais-nasociedade-global-e-sua-protecao-juridica\/\">Continue reading <span class=\"meta-nav\">&#8594;<\/span><\/a><\/span><\/p>\n","protected":false},"author":4,"featured_media":3189,"comment_status":"open","ping_status":"open","sticky":false,"template":"","format":"standard","meta":{"_editorskit_title_hidden":false,"_editorskit_reading_time":0,"_editorskit_is_block_options_detached":false,"_editorskit_block_options_position":"{}","footnotes":""},"categories":[74],"tags":[95,104,103,102],"_links":{"self":[{"href":"https:\/\/gpmat-ufmt.com.br\/index.php\/wp-json\/wp\/v2\/posts\/3317"}],"collection":[{"href":"https:\/\/gpmat-ufmt.com.br\/index.php\/wp-json\/wp\/v2\/posts"}],"about":[{"href":"https:\/\/gpmat-ufmt.com.br\/index.php\/wp-json\/wp\/v2\/types\/post"}],"author":[{"embeddable":true,"href":"https:\/\/gpmat-ufmt.com.br\/index.php\/wp-json\/wp\/v2\/users\/4"}],"replies":[{"embeddable":true,"href":"https:\/\/gpmat-ufmt.com.br\/index.php\/wp-json\/wp\/v2\/comments?post=3317"}],"version-history":[{"count":4,"href":"https:\/\/gpmat-ufmt.com.br\/index.php\/wp-json\/wp\/v2\/posts\/3317\/revisions"}],"predecessor-version":[{"id":3359,"href":"https:\/\/gpmat-ufmt.com.br\/index.php\/wp-json\/wp\/v2\/posts\/3317\/revisions\/3359"}],"wp:featuredmedia":[{"embeddable":true,"href":"https:\/\/gpmat-ufmt.com.br\/index.php\/wp-json\/wp\/v2\/media\/3189"}],"wp:attachment":[{"href":"https:\/\/gpmat-ufmt.com.br\/index.php\/wp-json\/wp\/v2\/media?parent=3317"}],"wp:term":[{"taxonomy":"category","embeddable":true,"href":"https:\/\/gpmat-ufmt.com.br\/index.php\/wp-json\/wp\/v2\/categories?post=3317"},{"taxonomy":"post_tag","embeddable":true,"href":"https:\/\/gpmat-ufmt.com.br\/index.php\/wp-json\/wp\/v2\/tags?post=3317"}],"curies":[{"name":"wp","href":"https:\/\/api.w.org\/{rel}","templated":true}]}}