{"id":3314,"date":"2024-07-29T21:12:16","date_gmt":"2024-07-30T00:12:16","guid":{"rendered":"https:\/\/gpmat-ufmt.com.br\/?p=3314"},"modified":"2024-08-27T21:04:59","modified_gmt":"2024-08-28T00:04:59","slug":"o-principio-da-prevencao-e-sua-aplicabilidade-instrumentos-de-combate-as-agressoes-a-saude-do-trabalhador","status":"publish","type":"post","link":"https:\/\/gpmat-ufmt.com.br\/index.php\/2024\/07\/29\/o-principio-da-prevencao-e-sua-aplicabilidade-instrumentos-de-combate-as-agressoes-a-saude-do-trabalhador\/","title":{"rendered":"O PRINC\u00cdPIO DA PREVEN\u00c7\u00c3O E SUA APLICABILIDADE: Instrumentos de Combate \u00e0s Agress\u00f5es \u00e0 Sa\u00fade do Trabalhador"},"content":{"rendered":"\n<h2 class=\"wp-block-heading has-medium-font-size\"><em>Revista Direitos, Trabalho e Pol\u00edtica Social<\/em><\/h2>\n\n\n\n<p class=\"has-medium-font-size\">O presente artigo visa analisar o princ\u00edpio da preven\u00e7\u00e3o e a sua aplicabilidade atrav\u00e9s dos instrumentos de combate \u00e0 precariza\u00e7\u00e3o do trabalho e \u00e0s consequ\u00eancias desta para a sa\u00fade do obreiro. Tem-se por objeto da pesquisa a demonstra\u00e7\u00e3o da essencialidade do referido princ\u00edpio &#8211; norteador do direito ambiental, que intende prevenir um dano conhecido por j\u00e1 ser cientificamente comprovado &#8211; para a garantia do direito de laborar em um meio equilibrado que assegure o bem-estar dos obrerios, algo fundamental, vez que a pr\u00f3pria Constitui\u00e7\u00e3o Federal reconhece ser direito dos trabalhadores a redu\u00e7\u00e3o dos riscos inerentes ao trabalho. Isso \u00e9 dado por meio dos objetivos tra\u00e7ados que visam conceituar o princ\u00edpio da preven\u00e7\u00e3o e analisar a sua aplicabilidade a partir de instrumentos preventivos destinados a garantir uma vida digna ao ser humano, tendo como base um meio ambiente de trabalho h\u00edgido e seguro. Para a constru\u00e7\u00e3o do presente artigo, \u00e9 utilizada uma abordagem hipot\u00e9tico-dedutiva e consubstanciada em um procedimento de pesquisa bibliogr\u00e1fica e documental. Ao final, conclui-se que as ferramentas dispon\u00edveis, quando devidamente aplicadas, previnem os trabalhadores das consequ\u00eancias de um ambiente laboral degradante e insalubre, mas, para tanto, \u00e9 necess\u00e1ria a sua aplica\u00e7\u00e3o de forma interligada e n\u00e3o isolada de cada instituto. <\/p>\n\n\n\n<p class=\"has-medium-font-size\">Palavras-chave: Princ\u00edpio da preven\u00e7\u00e3o. Sa\u00fade do trabalhador. Instrumentos prevencionistas.<\/p>\n\n\n\n<p class=\"has-text-align-right has-medium-font-size\"><em>Gabriela de Andrade Nogueira Gon\u00e7alves<br>Carla Reita Faria Leal<\/em><\/p>\n\n\n\n<p class=\"has-text-align-center has-medium-font-size\"><a href=\"http:\/\/gpmat-ufmt.com.br\/wp-content\/uploads\/2024\/07\/O-PRINCIPIO-DA-PREVENCAO-E-SUA-APLICABILIDADE-INSTRUMENTOS-DE-COMBATE-AS-AGRESSOES-A-SAUDE-DO-TRABALHADOR-2017-1.pdf\"><mark style=\"background-color:#fcb900\" class=\"has-inline-color\">Link para baixar o cap\u00edtulo completo.<\/mark><\/a><\/p>\n","protected":false},"excerpt":{"rendered":"<p>Revista Direitos, Trabalho e Pol\u00edtica Social O presente artigo visa analisar o princ\u00edpio da preven\u00e7\u00e3o e a sua aplicabilidade atrav\u00e9s dos instrumentos de combate \u00e0 precariza\u00e7\u00e3o do trabalho e \u00e0s consequ\u00eancias desta para a sa\u00fade do obreiro. Tem-se por objeto da pesquisa a demonstra\u00e7\u00e3o da essencialidade do referido princ\u00edpio &#8211; norteador do direito ambiental, que&#8230; <span class=\"more\"><a class=\"more-link\" href=\"https:\/\/gpmat-ufmt.com.br\/index.php\/2024\/07\/29\/o-principio-da-prevencao-e-sua-aplicabilidade-instrumentos-de-combate-as-agressoes-a-saude-do-trabalhador\/\">Continue reading <span class=\"meta-nav\">&#8594;<\/span><\/a><\/span><\/p>\n","protected":false},"author":4,"featured_media":3189,"comment_status":"open","ping_status":"open","sticky":false,"template":"","format":"standard","meta":{"_editorskit_title_hidden":false,"_editorskit_reading_time":0,"_editorskit_is_block_options_detached":false,"_editorskit_block_options_position":"{}","footnotes":""},"categories":[74],"tags":[101,99,100],"_links":{"self":[{"href":"https:\/\/gpmat-ufmt.com.br\/index.php\/wp-json\/wp\/v2\/posts\/3314"}],"collection":[{"href":"https:\/\/gpmat-ufmt.com.br\/index.php\/wp-json\/wp\/v2\/posts"}],"about":[{"href":"https:\/\/gpmat-ufmt.com.br\/index.php\/wp-json\/wp\/v2\/types\/post"}],"author":[{"embeddable":true,"href":"https:\/\/gpmat-ufmt.com.br\/index.php\/wp-json\/wp\/v2\/users\/4"}],"replies":[{"embeddable":true,"href":"https:\/\/gpmat-ufmt.com.br\/index.php\/wp-json\/wp\/v2\/comments?post=3314"}],"version-history":[{"count":3,"href":"https:\/\/gpmat-ufmt.com.br\/index.php\/wp-json\/wp\/v2\/posts\/3314\/revisions"}],"predecessor-version":[{"id":3366,"href":"https:\/\/gpmat-ufmt.com.br\/index.php\/wp-json\/wp\/v2\/posts\/3314\/revisions\/3366"}],"wp:featuredmedia":[{"embeddable":true,"href":"https:\/\/gpmat-ufmt.com.br\/index.php\/wp-json\/wp\/v2\/media\/3189"}],"wp:attachment":[{"href":"https:\/\/gpmat-ufmt.com.br\/index.php\/wp-json\/wp\/v2\/media?parent=3314"}],"wp:term":[{"taxonomy":"category","embeddable":true,"href":"https:\/\/gpmat-ufmt.com.br\/index.php\/wp-json\/wp\/v2\/categories?post=3314"},{"taxonomy":"post_tag","embeddable":true,"href":"https:\/\/gpmat-ufmt.com.br\/index.php\/wp-json\/wp\/v2\/tags?post=3314"}],"curies":[{"name":"wp","href":"https:\/\/api.w.org\/{rel}","templated":true}]}}