{"id":3310,"date":"2024-07-29T20:40:26","date_gmt":"2024-07-29T23:40:26","guid":{"rendered":"https:\/\/gpmat-ufmt.com.br\/?p=3310"},"modified":"2024-09-05T23:29:29","modified_gmt":"2024-09-06T02:29:29","slug":"a-plena-liberdade-sindical-no-brasil-como-resultado-da-aplicacao-da-convencao-n-87-da-oit-e-outros-documentos-internacionais","status":"publish","type":"post","link":"https:\/\/gpmat-ufmt.com.br\/index.php\/2024\/07\/29\/a-plena-liberdade-sindical-no-brasil-como-resultado-da-aplicacao-da-convencao-n-87-da-oit-e-outros-documentos-internacionais\/","title":{"rendered":"A Plena Liberdade Sindical no Brasil Como Resultado da Aplica\u00e7\u00e3o da Conven\u00e7\u00e3o n.87 da OIT e Outros Documentos Internacionais"},"content":{"rendered":"\n<p class=\"has-medium-font-size\">DIREITO INTERNACIONAL DO TRABALHO: O Estado da Arte Sobre a Aplica\u00e7\u00e3o das Conven\u00e7\u00f5es Internacionais da OIT no Brasil (2016)<\/p>\n\n\n\n<figure class=\"wp-block-image size-large is-resized\"><img fetchpriority=\"high\" decoding=\"async\" width=\"724\" height=\"1024\" src=\"http:\/\/gpmat-ufmt.com.br\/wp-content\/uploads\/2024\/07\/capa1_page-0001-724x1024.jpg\" alt=\"\" class=\"wp-image-3311\" style=\"width:277px;height:auto\" srcset=\"https:\/\/gpmat-ufmt.com.br\/wp-content\/uploads\/2024\/07\/capa1_page-0001-724x1024.jpg 724w, https:\/\/gpmat-ufmt.com.br\/wp-content\/uploads\/2024\/07\/capa1_page-0001-212x300.jpg 212w, https:\/\/gpmat-ufmt.com.br\/wp-content\/uploads\/2024\/07\/capa1_page-0001-768x1086.jpg 768w, https:\/\/gpmat-ufmt.com.br\/wp-content\/uploads\/2024\/07\/capa1_page-0001-1086x1536.jpg 1086w, https:\/\/gpmat-ufmt.com.br\/wp-content\/uploads\/2024\/07\/capa1_page-0001-1000x1414.jpg 1000w, https:\/\/gpmat-ufmt.com.br\/wp-content\/uploads\/2024\/07\/capa1_page-0001-500x707.jpg 500w, https:\/\/gpmat-ufmt.com.br\/wp-content\/uploads\/2024\/07\/capa1_page-0001.jpg 1241w\" sizes=\"(max-width: 724px) 100vw, 724px\" \/><\/figure>\n\n\n\n<h2 class=\"wp-block-heading\">1. Introdu\u00e7\u00e3o<\/h2>\n\n\n\n<p class=\"has-medium-font-size\">A antiga forma de se estudar e compreender o Direito trouxe aos seus operadores enormes dificuldades quando estes se deparam com situa\u00e7\u00f5es que n\u00e3o comportam mais as solu\u00e7\u00f5es tradicionais, especialmente ante a r\u00e1pida internacionaliza\u00e7\u00e3o das \u00e1reas jur\u00eddicas e implementa\u00e7\u00e3o de um novo modelo de Estado de Direito, qual seja: o Estado Constitucional e Humanista de Direito<sup data-fn=\"7861839d-7247-40fc-b708-943ce94aa616\" class=\"fn\"><a href=\"#7861839d-7247-40fc-b708-943ce94aa616\" id=\"7861839d-7247-40fc-b708-943ce94aa616-link\">1<\/a><\/sup>.<br>O que se nota \u00e9 que a vis\u00e3o privatista est\u00e1 sendo paulatinamente extirpada do eixo central do Direito, para que uma vis\u00e3o constitucionalista e internacionalista venha \u00e0 tona. Com isso, n\u00e3o h\u00e1 como se ignorar o arcabou\u00e7o jur\u00eddico internacional que j\u00e1 existe, que est\u00e1 incorporado na legisla\u00e7\u00e3o p\u00e1tria e que deve ser obedecido.<br>\u00c9 nesse sentido que se destaca a tem\u00e1tica abordada neste texto. O estudo busca apontar substratos para sustentar que no Brasil j\u00e1 se deve admitir a plena liberdade sindical, em todas as suas facetas, isso em decorr\u00eancia da aplica\u00e7\u00e3o de documentos internacionais com vig\u00eancia no pa\u00eds.<br>Para que seja mais bem visualizada tal situa\u00e7\u00e3o, dividiu-se o presente trabalho em tr\u00eas subitens. No primeiro item aborda-se de que forma organismos internacionais, como a ONU &#8211; Organiza\u00e7\u00e3o das Na\u00e7\u00f5es Unidas e a OIT &#8211; Organiza\u00e7\u00e3o Internacional do Trabalho v\u00eam se posicionando acerca da liberdade sindical, erigindo-a ao patamar de direito fundamental do ser humano, assim como o s\u00e3o v\u00e1rios institutos de Direito do Trabalho.<br>Na sequ\u00eancia, analisa-se qual o tratamento que as leis e Constitui\u00e7\u00f5es brasileiras conferiram aos sindicatos ao longo do tempo, com relevo \u00e0 aus\u00eancia de garantia ao direito ao exerc\u00edcio da liberdade sindical.<br>Por fim, o terceiro t\u00f3pico, o qual consiste no ponto nodal do presente, quando se pretende demonstrar que a liberdade sindical \u00e9 realidade no Direito do Trabalho p\u00e1trio, como resultado da aplica\u00e7\u00e3o da Conven\u00e7\u00e3o n. 87 da OIT e dos Pactos Internacionais dos Direitos Econ\u00f4micos, Sociais e Culturais bem como dos Direitos Civis e Pol\u00edticos da ONU, normas que a pr\u00f3pria CRFB\/88 erigiu ao patamar constitucional.<\/p>\n\n\n<ol class=\"wp-block-footnotes\"><li id=\"7861839d-7247-40fc-b708-943ce94aa616\">Sobre o tema, <em>cf<\/em>. MAZZUOLI, Valerio de Oliveira; GOMES, Luiz Fl\u00e1vio. <em>Direito Supraconstitucional: do absolutismo ao estado constitucional e humanista de direito<\/em>. S\u00e3o Paulo: RT, 2010. <a href=\"#7861839d-7247-40fc-b708-943ce94aa616-link\" aria-label=\"Ir para a refer\u00eancia 1 na nota de rodap\u00e9\">\u21a9\ufe0e<\/a><\/li><\/ol>\n\n\n<p class=\"has-text-align-right has-medium-font-size\"><em>Carla Reita Faria Leal<br>Walesca M. Piovan Martinazzo<\/em><\/p>\n\n\n\n<p class=\"has-text-align-center has-medium-font-size\"><a href=\"http:\/\/gpmat-ufmt.com.br\/wp-content\/uploads\/2024\/07\/Capitulo-de-Livro-A-plena-aplicabilidade-sindical-no-Brasil-como-resultado-da-aplicacao-da-Convencao-n.-87-da-OITe-outros-documentos-internacionais.pdf\"><mark style=\"background-color:#fcb900\" class=\"has-inline-color\">Link para baixar cap\u00edtulo completo<\/mark><\/a><\/p>\n","protected":false},"excerpt":{"rendered":"<p>DIREITO INTERNACIONAL DO TRABALHO: O Estado da Arte Sobre a Aplica\u00e7\u00e3o das Conven\u00e7\u00f5es Internacionais da OIT no Brasil (2016) 1. Introdu\u00e7\u00e3o A antiga forma de se estudar e compreender o Direito trouxe aos seus operadores enormes dificuldades quando estes se deparam com situa\u00e7\u00f5es que n\u00e3o comportam mais as solu\u00e7\u00f5es tradicionais, especialmente ante a r\u00e1pida internacionaliza\u00e7\u00e3o&#8230; <span class=\"more\"><a class=\"more-link\" href=\"https:\/\/gpmat-ufmt.com.br\/index.php\/2024\/07\/29\/a-plena-liberdade-sindical-no-brasil-como-resultado-da-aplicacao-da-convencao-n-87-da-oit-e-outros-documentos-internacionais\/\">Continue reading <span class=\"meta-nav\">&#8594;<\/span><\/a><\/span><\/p>\n","protected":false},"author":4,"featured_media":3185,"comment_status":"open","ping_status":"open","sticky":false,"template":"","format":"standard","meta":{"_editorskit_title_hidden":false,"_editorskit_reading_time":0,"_editorskit_is_block_options_detached":false,"_editorskit_block_options_position":"{}","footnotes":"[{\"id\":\"7861839d-7247-40fc-b708-943ce94aa616\",\"content\":\"Sobre o tema, <em>cf<\\\/em>. MAZZUOLI, Valerio de Oliveira; GOMES, Luiz Fl\\u00e1vio. <em>Direito Supraconstitucional: do absolutismo ao estado constitucional e humanista de direito<\\\/em>. S\\u00e3o Paulo: RT, 2010.\"}]"},"categories":[74],"tags":[],"_links":{"self":[{"href":"https:\/\/gpmat-ufmt.com.br\/index.php\/wp-json\/wp\/v2\/posts\/3310"}],"collection":[{"href":"https:\/\/gpmat-ufmt.com.br\/index.php\/wp-json\/wp\/v2\/posts"}],"about":[{"href":"https:\/\/gpmat-ufmt.com.br\/index.php\/wp-json\/wp\/v2\/types\/post"}],"author":[{"embeddable":true,"href":"https:\/\/gpmat-ufmt.com.br\/index.php\/wp-json\/wp\/v2\/users\/4"}],"replies":[{"embeddable":true,"href":"https:\/\/gpmat-ufmt.com.br\/index.php\/wp-json\/wp\/v2\/comments?post=3310"}],"version-history":[{"count":3,"href":"https:\/\/gpmat-ufmt.com.br\/index.php\/wp-json\/wp\/v2\/posts\/3310\/revisions"}],"predecessor-version":[{"id":3365,"href":"https:\/\/gpmat-ufmt.com.br\/index.php\/wp-json\/wp\/v2\/posts\/3310\/revisions\/3365"}],"wp:featuredmedia":[{"embeddable":true,"href":"https:\/\/gpmat-ufmt.com.br\/index.php\/wp-json\/wp\/v2\/media\/3185"}],"wp:attachment":[{"href":"https:\/\/gpmat-ufmt.com.br\/index.php\/wp-json\/wp\/v2\/media?parent=3310"}],"wp:term":[{"taxonomy":"category","embeddable":true,"href":"https:\/\/gpmat-ufmt.com.br\/index.php\/wp-json\/wp\/v2\/categories?post=3310"},{"taxonomy":"post_tag","embeddable":true,"href":"https:\/\/gpmat-ufmt.com.br\/index.php\/wp-json\/wp\/v2\/tags?post=3310"}],"curies":[{"name":"wp","href":"https:\/\/api.w.org\/{rel}","templated":true}]}}