{"id":3255,"date":"2024-07-18T21:35:51","date_gmt":"2024-07-19T00:35:51","guid":{"rendered":"https:\/\/gpmat-ufmt.com.br\/?p=3255"},"modified":"2024-09-05T23:29:26","modified_gmt":"2024-09-06T02:29:26","slug":"o-direito-a-cumulacao-de-adicionais-como-politica-de-efetividade-do-meio-ambiente-do-trabalho-equilibrado","status":"publish","type":"post","link":"https:\/\/gpmat-ufmt.com.br\/index.php\/2024\/07\/18\/o-direito-a-cumulacao-de-adicionais-como-politica-de-efetividade-do-meio-ambiente-do-trabalho-equilibrado\/","title":{"rendered":"O Direito \u00e0 Cumula\u00e7\u00e3o de Adicionais como Pol\u00edtica de Efetividade do Meio Ambiente do Trabalho Equilibrado"},"content":{"rendered":"\n<h2 class=\"wp-block-heading has-medium-font-size\">Revista Magister de Direito do Trabalho (2016)<\/h2>\n\n\n\n<figure class=\"wp-block-image size-large is-resized\"><img fetchpriority=\"high\" decoding=\"async\" width=\"724\" height=\"1024\" src=\"https:\/\/gpmat-ufmt.com.br\/wp-content\/uploads\/2024\/07\/APZNZA1_page-0001-724x1024.jpg\" alt=\"\" class=\"wp-image-3256\" style=\"width:308px;height:auto\" srcset=\"https:\/\/gpmat-ufmt.com.br\/wp-content\/uploads\/2024\/07\/APZNZA1_page-0001-724x1024.jpg 724w, https:\/\/gpmat-ufmt.com.br\/wp-content\/uploads\/2024\/07\/APZNZA1_page-0001-212x300.jpg 212w, https:\/\/gpmat-ufmt.com.br\/wp-content\/uploads\/2024\/07\/APZNZA1_page-0001-768x1087.jpg 768w, https:\/\/gpmat-ufmt.com.br\/wp-content\/uploads\/2024\/07\/APZNZA1_page-0001-1085x1536.jpg 1085w, https:\/\/gpmat-ufmt.com.br\/wp-content\/uploads\/2024\/07\/APZNZA1_page-0001-1000x1415.jpg 1000w, https:\/\/gpmat-ufmt.com.br\/wp-content\/uploads\/2024\/07\/APZNZA1_page-0001-500x708.jpg 500w, https:\/\/gpmat-ufmt.com.br\/wp-content\/uploads\/2024\/07\/APZNZA1_page-0001.jpg 1240w\" sizes=\"(max-width: 724px) 100vw, 724px\" \/><\/figure>\n\n\n\n<p><\/p>\n\n\n\n<p class=\"has-medium-font-size\">O presente artigo discorre sobre o conflito entre a Conven\u00e7\u00e3o n\u00ba 155 da OIT \u2014 Organiza\u00e7\u00e3o Internacional do Trabalho, que trata da pol\u00edtica de seguran\u00e7a e sa\u00fade do trabalhador pelos pa\u00edses signat\u00e1rios da referida Conven\u00e7\u00e3o, com o art. 192, \u00a7 2\u00ba, da CLT \u2014 Consolida\u00e7\u00e3o das Leis do Trabalho e o item 15,3 da NR \u2014 Norma Regulamentadora n\u00ba 15 do MTE \u2014 Minist\u00e9rio do Trabalho e Emprego, que disp\u00f5em sobre a impossibilidade de cumula\u00e7\u00e3o dos adicionais de insalubridade e periculosidade e de pagamento de valores referentes a v\u00e1rios agentes insalubres. Tamb\u00e9m \u00e9 realizada uma breve an\u00e1lise acerca da jurisprud\u00eancia dos TRTs \u2014 Tribunais Regionais do Trabalho das 4\u00aa e 23\u00aa Regi\u00f5es e sobre a recente decis\u00e3o proferida pela S\u00e9tima Turma do c. TST &#8211; Tribunal Superior do Trabalho, em rela\u00e7\u00e3o \u00e0 possibilidade de cumula\u00e7\u00e3o dos referidos adicionais. \u00c0 pesquisa \u00e9 do tipo bibliogr\u00e1fica (fontes secund\u00e1rias) e documental (fonte prim\u00e1ria), tendo-se utilizado como crit\u00e9rio de busca de jurisprud\u00eancia<br>os termos \u201ccumula\u00e7\u00e3o de adicional de insalubridade e de periculosidade\u201d, junto ao<br>s\u00edtio eletr\u00f4nico dos tribunais pesquisados. Ap\u00f3s as abordagens mencionadas, conclu\u00edsse que o direito ao meio ambiente equilibrado consubstancia-se em direito humano fundamental e que as normas que visem \u00e0 melhoria dos padr\u00f5es deste direito devem ser aplicadas integralmente, de modo que o art. 192, \u00a7 2\u00ba, da CLT \u20ac o item 15.3 da NR-15 do MTE n\u00e3o passam pelo crivo de convencionalidade, pois confrontam com o disposto no art. 11, b, da Conven\u00e7\u00e3o n\u00ba 155 da OIT, devidamente ratificada pelo Brasil, assim como contrastam com o Texto Constitucional.<\/p>\n\n\n\n<p class=\"has-text-align-left has-medium-font-size\">PALAVRAS-CHAVE: Meio Ambiente do Trabalho. Direitos Humanos Fundamentais. Conven\u00e7\u00e3o no 155 da OIT. Cumula\u00e7\u00e3o de Adicionais.<\/p>\n\n\n\n<p class=\"has-text-align-right has-medium-font-size\"><em>Carla Reita Faria Leal<br>Claudirene Andrade Ribeiro<\/em><\/p>\n\n\n\n<p class=\"has-text-align-center has-medium-font-size\"><a href=\"http:\/\/gpmat-ufmt.com.br\/wp-content\/uploads\/2024\/07\/O-direito-a-cumulacao-de-adicionais-como-politica-de-efetividade-do-meio-ambiente-do-trabalho-equilibrado-2016-1.pdf\" data-type=\"link\" data-id=\"http:\/\/gpmat-ufmt.com.br\/wp-content\/uploads\/2024\/07\/O-direito-a-cumulacao-de-adicionais-como-politica-de-efetividade-do-meio-ambiente-do-trabalho-equilibrado-2016-1.pdf\"><strong><mark style=\"background-color:#fcb900\" class=\"has-inline-color has-black-color\">Link para baixar o cap\u00edtulo completo.<\/mark><\/strong><\/a><\/p>\n","protected":false},"excerpt":{"rendered":"<p>Revista Magister de Direito do Trabalho (2016) O presente artigo discorre sobre o conflito entre a Conven\u00e7\u00e3o n\u00ba 155 da OIT \u2014 Organiza\u00e7\u00e3o Internacional do Trabalho, que trata da pol\u00edtica de seguran\u00e7a e sa\u00fade do trabalhador pelos pa\u00edses signat\u00e1rios da referida Conven\u00e7\u00e3o, com o art. 192, \u00a7 2\u00ba, da CLT \u2014 Consolida\u00e7\u00e3o das Leis do&#8230; <span class=\"more\"><a class=\"more-link\" href=\"https:\/\/gpmat-ufmt.com.br\/index.php\/2024\/07\/18\/o-direito-a-cumulacao-de-adicionais-como-politica-de-efetividade-do-meio-ambiente-do-trabalho-equilibrado\/\">Continue reading <span class=\"meta-nav\">&#8594;<\/span><\/a><\/span><\/p>\n","protected":false},"author":4,"featured_media":3189,"comment_status":"open","ping_status":"open","sticky":false,"template":"","format":"standard","meta":{"_editorskit_title_hidden":false,"_editorskit_reading_time":0,"_editorskit_is_block_options_detached":false,"_editorskit_block_options_position":"{}","footnotes":""},"categories":[74],"tags":[97,98,96,95],"_links":{"self":[{"href":"https:\/\/gpmat-ufmt.com.br\/index.php\/wp-json\/wp\/v2\/posts\/3255"}],"collection":[{"href":"https:\/\/gpmat-ufmt.com.br\/index.php\/wp-json\/wp\/v2\/posts"}],"about":[{"href":"https:\/\/gpmat-ufmt.com.br\/index.php\/wp-json\/wp\/v2\/types\/post"}],"author":[{"embeddable":true,"href":"https:\/\/gpmat-ufmt.com.br\/index.php\/wp-json\/wp\/v2\/users\/4"}],"replies":[{"embeddable":true,"href":"https:\/\/gpmat-ufmt.com.br\/index.php\/wp-json\/wp\/v2\/comments?post=3255"}],"version-history":[{"count":8,"href":"https:\/\/gpmat-ufmt.com.br\/index.php\/wp-json\/wp\/v2\/posts\/3255\/revisions"}],"predecessor-version":[{"id":3364,"href":"https:\/\/gpmat-ufmt.com.br\/index.php\/wp-json\/wp\/v2\/posts\/3255\/revisions\/3364"}],"wp:featuredmedia":[{"embeddable":true,"href":"https:\/\/gpmat-ufmt.com.br\/index.php\/wp-json\/wp\/v2\/media\/3189"}],"wp:attachment":[{"href":"https:\/\/gpmat-ufmt.com.br\/index.php\/wp-json\/wp\/v2\/media?parent=3255"}],"wp:term":[{"taxonomy":"category","embeddable":true,"href":"https:\/\/gpmat-ufmt.com.br\/index.php\/wp-json\/wp\/v2\/categories?post=3255"},{"taxonomy":"post_tag","embeddable":true,"href":"https:\/\/gpmat-ufmt.com.br\/index.php\/wp-json\/wp\/v2\/tags?post=3255"}],"curies":[{"name":"wp","href":"https:\/\/api.w.org\/{rel}","templated":true}]}}